{"id":269591,"date":"2026-09-06T07:39:22","date_gmt":"2026-09-06T07:39:22","guid":{"rendered":"https:\/\/www.europesays.com\/ee\/269591\/"},"modified":"2026-09-06T07:39:22","modified_gmt":"2026-09-06T07:39:22","slug":"mangu-lopus-krampidega-voidelnud-mets-aitas-bochumi-voiduni-soccernet-ee","status":"publish","type":"post","link":"https:\/\/www.europesays.com\/ee\/269591\/","title":{"rendered":"M\u00e4ngu l\u00f5pus krampidega v\u00f5idelnud Mets aitas Bochumi v\u00f5iduni &#8211; Soccernet.ee"},"content":{"rendered":"<p><img decoding=\"async\" src=\"https:\/\/www.europesays.com\/ee\/wp-content\/uploads\/2026\/09\/1786728554.jpg\" alt=\"Karol Mets. Foto: Scanpix \/ Leon Tonhauser \/ picture-alliance\"\/>&#13;\n<\/p>\n<p>Eesti koondise kaptenist keskkaitsja Karol Metsa koduklubi Bochum teenis Saksamaa esiliigas hooaja teise v\u00f5idu, alistades neljandas voorus v\u00f5\u00f5rsil 2:1 Dresdeni Dynamo.<\/p>\n<p>Bochum asus juba kolmandal minutil juhtima, kui Enis Cokaj v\u00f5itis Dynamo karistusala l\u00e4histel palli ja\u00a0Koji Miyoshi avas skoori. Miyoshi realiseeris avapoolaja keskpaigas \u00fcks \u00fchele olukorra ja suurendas Bochumi eduseisu kahev\u00e4ravaliseks, aga Dynamo l\u00f5i m\u00f5ned minutid enne poolajavilet \u00fche v\u00e4rava tagasi. Teisel poolajal v\u00e4ravaid ei l\u00f6\u00f6dud, seega Bochum sai kirja 2:1 v\u00f5idu ja m\u00e4ngu l\u00f5pus krampidega v\u00f5idelnud Mets rassis k\u00f5ik minutid.&#13;\n<\/p>\n<p>Mets sekkus hooaja esimeses liigam\u00e4ngus teiseks poolajaks vahetusest, kuid \u00fclej\u00e4\u00e4nud kolm kohtumist on\u00a0 eestlane m\u00e4nginud algusest l\u00f5puni. Bochum sai kahe kaotuse k\u00f5rvale teise v\u00f5idu. Bochumi j\u00e4rgmine m\u00e4ng toimub 12. septembril, kui kodus kohtutakse Greuther F\u00fcrthiga, kellest saadi karikav\u00f5istluste avaringis 2:1 jagu.&#13;\n<\/p>\n<p>Gert Remmel, kes on <a href=\"https:\/\/soccernet.ee\/artikkel\/ungari-meedia-gert-remmeli-tool-debrecenis-koigub\" target=\"https:\/\/soccernet.ee\/artikkel\/ungari-meedia-gert-remmeli-tool-debrecenis-koigub\" rel=\"nofollow noopener\">Ungari meedia teatel vallandamisohus<\/a>, sai Debreceni peatreenerina \u00fcliolulise v\u00f5idu, alistades v\u00f5\u00f5rsil 4:2 Paksi. Debrecen t\u00f5usis Ungari k\u00f5rgliigas kaheksandale kohale, olles seitsmest m\u00e4ngust kaks v\u00f5itnud, kolm viigistanud ja kaks kaotanud.&#13;\n<\/p>\n<p>Debreceni j\u00e4rgmine liigam\u00e4ng toimub 19. septembril, kui kodus minnakse vastamisi teisel kohal oleva Vasasega, aga enne seda kohtutakse karikav\u00f5istluste 1\/32-finaalis v\u00f5\u00f5rsil tugevuselt kolmandas liigas m\u00e4ngiva G\u00f6d\u00f6ll\u00f6ga.<\/p>\n<p>Alex Matthias Tamm j\u00e4lgis pingilt, kuidas Ljubljana Olimpija alistas Sloveenia k\u00f5rgliigas kodus 3:0\u00a0Grosuplje. Tamm l\u00f5petas hiljuti vigastuspausi karikam\u00e4ngus, kuid liigam\u00e4ngus ei ole eestlane sel hooajal v\u00e4ljakule p\u00e4\u00e4senud. Olimpija asub kaheksa vooru j\u00e4rel tabelis viiendal kohal.                         <\/p>\n","protected":false},"excerpt":{"rendered":"&#13; Eesti koondise kaptenist keskkaitsja Karol Metsa koduklubi Bochum teenis Saksamaa esiliigas hooaja teise v\u00f5idu, alistades neljandas voorus&hellip;\n","protected":false},"author":2,"featured_media":269592,"comment_status":"","ping_status":"","sticky":false,"template":"","format":"standard","meta":{"footnotes":"","_share_on_mastodon":"0"},"categories":[18],"tags":[915,15778,94504,37,33,35,34,36,82756,5040,2526,5176,2527,82768,159,158,761],"class_list":["post-269591","post","type-post","status-publish","format-standard","has-post-thumbnail","category-sport","tag-alex-matthias-tamm","tag-bochum","tag-debrecen","tag-ee","tag-eesti","tag-eesti-keel","tag-estonia","tag-estonian","tag-gert-remmel","tag-karol-mets","tag-ljubljana-olimpija","tag-mets","tag-olimpija","tag-remmel","tag-sport","tag-sports","tag-tamm"],"share_on_mastodon":{"url":"https:\/\/pubeurope.com\/@ee\/117222963390839213","error":""},"_links":{"self":[{"href":"https:\/\/www.europesays.com\/ee\/wp-json\/wp\/v2\/posts\/269591","targetHints":{"allow":["GET"]}}],"collection":[{"href":"https:\/\/www.europesays.com\/ee\/wp-json\/wp\/v2\/posts"}],"about":[{"href":"https:\/\/www.europesays.com\/ee\/wp-json\/wp\/v2\/types\/post"}],"author":[{"embeddable":true,"href":"https:\/\/www.europesays.com\/ee\/wp-json\/wp\/v2\/users\/2"}],"replies":[{"embeddable":true,"href":"https:\/\/www.europesays.com\/ee\/wp-json\/wp\/v2\/comments?post=269591"}],"version-history":[{"count":0,"href":"https:\/\/www.europesays.com\/ee\/wp-json\/wp\/v2\/posts\/269591\/revisions"}],"wp:featuredmedia":[{"embeddable":true,"href":"https:\/\/www.europesays.com\/ee\/wp-json\/wp\/v2\/media\/269592"}],"wp:attachment":[{"href":"https:\/\/www.europesays.com\/ee\/wp-json\/wp\/v2\/media?parent=269591"}],"wp:term":[{"taxonomy":"category","embeddable":true,"href":"https:\/\/www.europesays.com\/ee\/wp-json\/wp\/v2\/categories?post=269591"},{"taxonomy":"post_tag","embeddable":true,"href":"https:\/\/www.europesays.com\/ee\/wp-json\/wp\/v2\/tags?post=269591"}],"curies":[{"name":"wp","href":"https:\/\/api.w.org\/{rel}","templated":true}]}}