{"id":269593,"date":"2026-09-06T07:42:39","date_gmt":"2026-09-06T07:42:39","guid":{"rendered":"https:\/\/www.europesays.com\/ee\/269593\/"},"modified":"2026-09-06T07:42:39","modified_gmt":"2026-09-06T07:42:39","slug":"siseministeerium-noustus-jatkama-kukkunud-vanurite-aitamist-toovalisel-ajal-eesti","status":"publish","type":"post","link":"https:\/\/www.europesays.com\/ee\/269593\/","title":{"rendered":"Siseministeerium n\u00f5ustus j\u00e4tkama kukkunud vanurite aitamist t\u00f6\u00f6v\u00e4lisel ajal | Eesti"},"content":{"rendered":"<p>Siseministeerium muutis oma algset otsust, millega politseinikud ei peaks enam k\u00e4ima kodus kukkunud eakaid p\u00fcsti aitamas, j\u00e4ttes selle kiirabile ja sotsiaalt\u00f6\u00f6tajatele ning teatas n\u00fc\u00fcd, et j\u00e4tkab siiski ajutiselt t\u00f6\u00f6tundide-v\u00e4lisel ajal selle osutamist. Siseministeeriumi otsus selle teenuse osutamisest loobuda oli tulnud kohalikele omavalitsustele ja sotsiaalministeeriumile ootamatult.<\/p>\n<p>Alates 1. septembrist peavad kodus kukkunud eakaid aitama kiirabi ja kohalike omavalitsuste sotsiaalt\u00f6\u00f6tajad. Nii sotsiaalministeerium kui ka omavalitsused leiavad, et nad ei suuda siseministeeriumi seatud kohustust t\u00e4ita. Seda enam, et vananeva elanikkonnaga tuleb aina rohkem ette, et kodus kukkunud inimene ei saa ilma k\u00f5rvalise abita p\u00fcsti.<\/p>\n<p>Eesti linnade ja valdade liidu juhi Veiko Luhalaiu s\u00f5nul tuli siseministeeriumi otsus v\u00e4ga ootamatult: &#8220;Mina kuulsin kohtumisel sel n\u00e4dalal siseministriga, et teema on ministeeriumidel umbes k\u00fcmme aastat laual olnud. Esimest korda omavalitsustega kuulsime seda eelmisel aastal maikuus. Ja n\u00fc\u00fcd nende l\u00e4bir\u00e4\u00e4kimiste k\u00e4igus j\u00f5udsime selleni, et meil ei ole \u00fchtegi lahendust veel. Aga siseministeerium teatas, et 1. septembrist ta l\u00f5petab \u00e4ra. N\u00fc\u00fcd ongi k\u00f5ige absurdsem see, et me teadsime, et see teema on \u00f5hus, aga nii v\u00e4rske l\u00f5pp \u2013 vot see tuli meile \u00fcllatusena. T\u00f5en\u00e4oliselt tuli see \u00fcllatusena ka sotsiaalministeeriumile, sest nad istusid samade teemadega meil laua taga.&#8221;<\/p>\n<p>\u00dchiselt telliti anal\u00fc\u00fcs, mis valmis selle aasta mais, r\u00e4\u00e4kis sotsiaalministeeriumi asekantsler Hanna Vseviov. Tema s\u00f5nul olnuks loogiline teha tulemuste p\u00f5hjal uued kokkulepped ning leida lahendus, kuid t\u00f5des, et see etapp j\u00e4i vahele.<\/p>\n<p>&#8220;Sel p\u00f5hjusel oligi see siseministeeriumi otsus meie hinnangul natukene rutakas, kuna \u00fchelt poolt otsustati, et PPA enam kukkumistele ei reageeri. Teisalt toimivat lahendust alternatiivina pakkuda ei ole,&#8221; \u00fctles Vseviov.<\/p>\n<p>Omavalitsuste roll oleks ennek\u00f5ike kukkumisi ennetada. Anal\u00fc\u00fcsist selgus, et pea 40 protsenti kukkumistest olid korduvad &#8211; ehk kus politsei oli k\u00e4inud mitu korda samas kodus sama inimest \u00fcles aitamas. Nii Luhalaid kui Vseviov nentisid, et kui see info liiguks kuidagi politseilt kohalikule omavalitsusele, saaks kohe politsei koormust alla.<\/p>\n<p>Siseministeeriumi asekantsleri Tuuli R\u00e4ime s\u00f5nul ongi liigne koormus ja ressursipuudus \u00fcks p\u00f5hjus, miks selline otsus tehti.<\/p>\n<p>&#8220;Politsei ressurss on piiratud. Kui politsei tegeleb sotsiaalse abi v\u00e4ljakutsetele reageerimisega, siis v\u00f5ib juhtuda, et kuhugi mujale, kus ta kindlasti peab olema, on tal keerulisem j\u00f5uda. On kaks teemat. \u00dcks on p\u00e4devus hinnata inimese terviseseisundit. Teine on see, et me ei pea \u00f5igeks, et relvastatud politseipatrull on vaikimisi k\u00f5ige esimene reageeriv ressurss. Seep\u00e4rast oleme need otsused teinud,&#8221; r\u00e4\u00e4kis asekantsler.<\/p>\n<p>R\u00e4im r\u00f5hutas, et probleemile tuleb lahendus leida. Ta lisas samas, et kuna see puudutab sotsiaalvaldkonda, siis vastutavad eelk\u00f5ige sotsiaal- ja regionaalministeerium koost\u00f6\u00f6s linnade ja valdade liiduga. Siseministeerium n\u00e4eb ennast pigem partnerina, m\u00e4rkis R\u00e4im.<\/p>\n<p>T\u00f5siasi on aga see, et kohalikud omavalitsused ei suuda praegu veel kogu koormust enda peale v\u00f5tta. Luhalaiu s\u00f5nul valmistavad muuhulgas muret isiku- ja terviseandmete kaitse, v\u00f5imetus hoida k\u00f5ikides omavalitsustes sotsiaalt\u00f6\u00f6tajat \u00f6\u00f6p\u00e4evaringselt valves ning nende puuduv luba murda lahti koduust.<\/p>\n<p>R\u00e4ime s\u00f5nul pakub siseministeerium murele ajutist leevendust: &#8220;T\u00f6\u00f6ajal ehk esmasp\u00e4evast reedeni kella \u00fcheksast viieni korraldab abistamist omavalitsus \u2013 v\u00e4ljaspool t\u00f6\u00f6aega praegu j\u00e4tkavad reageerimist riiklikud operatiivressursid, kas siis kiirabi, politsei v\u00f5i p\u00e4\u00e4ste.&#8221;<\/p>\n","protected":false},"excerpt":{"rendered":"Siseministeerium muutis oma algset otsust, millega politseinikud ei peaks enam k\u00e4ima kodus kukkunud eakaid p\u00fcsti aitamas, j\u00e4ttes selle&hellip;\n","protected":false},"author":2,"featured_media":269594,"comment_status":"","ping_status":"","sticky":false,"template":"","format":"standard","meta":{"footnotes":"","_share_on_mastodon":"0"},"categories":[12],"tags":[26,27,37,33,35,34,36,31,32,48178,21,28,29,80346,19,25,3099,21517,1792,23,24,53159,22,20,104242,48547,30],"class_list":["post-269593","post","type-post","status-publish","format-standard","has-post-thumbnail","category-eesti","tag-breaking-news","tag-breakingnews","tag-ee","tag-eesti","tag-eesti-keel","tag-estonia","tag-estonian","tag-featured-news","tag-featurednews","tag-hanna-vseviov","tag-headlines","tag-latest-news","tag-latestnews","tag-linnade-ja-valdade-liit","tag-news","tag-populaarseimad-lood","tag-siseministeerium","tag-sotsiaalhoolekanne","tag-sotsiaalministeerium","tag-top-stories","tag-topstories","tag-tuuli-raim","tag-uldised-uudised","tag-uudised","tag-vanurite-kukkumine","tag-veiko-luhalaid","tag-viimased-uudised"],"share_on_mastodon":{"url":"https:\/\/pubeurope.com\/@ee\/117222974629738680","error":""},"_links":{"self":[{"href":"https:\/\/www.europesays.com\/ee\/wp-json\/wp\/v2\/posts\/269593","targetHints":{"allow":["GET"]}}],"collection":[{"href":"https:\/\/www.europesays.com\/ee\/wp-json\/wp\/v2\/posts"}],"about":[{"href":"https:\/\/www.europesays.com\/ee\/wp-json\/wp\/v2\/types\/post"}],"author":[{"embeddable":true,"href":"https:\/\/www.europesays.com\/ee\/wp-json\/wp\/v2\/users\/2"}],"replies":[{"embeddable":true,"href":"https:\/\/www.europesays.com\/ee\/wp-json\/wp\/v2\/comments?post=269593"}],"version-history":[{"count":0,"href":"https:\/\/www.europesays.com\/ee\/wp-json\/wp\/v2\/posts\/269593\/revisions"}],"wp:featuredmedia":[{"embeddable":true,"href":"https:\/\/www.europesays.com\/ee\/wp-json\/wp\/v2\/media\/269594"}],"wp:attachment":[{"href":"https:\/\/www.europesays.com\/ee\/wp-json\/wp\/v2\/media?parent=269593"}],"wp:term":[{"taxonomy":"category","embeddable":true,"href":"https:\/\/www.europesays.com\/ee\/wp-json\/wp\/v2\/categories?post=269593"},{"taxonomy":"post_tag","embeddable":true,"href":"https:\/\/www.europesays.com\/ee\/wp-json\/wp\/v2\/tags?post=269593"}],"curies":[{"name":"wp","href":"https:\/\/api.w.org\/{rel}","templated":true}]}}