{"id":269603,"date":"2026-09-06T07:54:30","date_gmt":"2026-09-06T07:54:30","guid":{"rendered":"https:\/\/www.europesays.com\/ee\/269603\/"},"modified":"2026-09-06T07:54:30","modified_gmt":"2026-09-06T07:54:30","slug":"putin-kaskis-peatada-runnakud-kiievile-trumpi-saadikute-visiidi-ajaks-2","status":"publish","type":"post","link":"https:\/\/www.europesays.com\/ee\/269603\/","title":{"rendered":"Putin k\u00e4skis peatada r\u00fcnnakud Kiievile Trumpi saadikute visiidi ajaks"},"content":{"rendered":"<p>Varem t\u00e4na maandusid Witkoff ja Kushner Moskvas. Kiievisse peaksid nad reisima homme. See saab olema saadikute esimene Ukraina-visiit.<\/p>\n<p>Kremli otsus j\u00e4rgneb enne k\u00f5nelusi Ukraina poolt v\u00e4lja k\u00e4idud ettepanekule teha vaenutegevuses saadikute visiidi ajal paus. Esialgu ei n\u00f5ustunud Venemaa ettepanekuga ja j\u00e4tkas r\u00fcnnakuid. <\/p>\n<p>Ukraina president Volod\u00f5m\u00f5r Zelensk\u00f5i kinnitas p\u00e4rast r\u00fcnnakuid, et Ukraina ei ohusta kuidagi diplomaatilist protsessi, kuid m\u00e4rkis, et nad valmistuvad vastur\u00fcnnakuteks p\u00e4rast pausi.<\/p>\n<p>Kuidas see lugu Sind end tundma pani?Saada<a href=\"https:\/\/www.delfi.ee\/a\/120608610\/putin-kaskis-peatada-runnakud-kiievile-trumpi-saadikute-visiidi-ajaks\/kommentaarid\" class=\"button button--primary button--size-auto article-body-bottom__comment article-body-bottom__comment--write\" style=\"\" rel=\"nofollow noopener\" target=\"_blank\">Kommenteeri<\/a><a href=\"https:\/\/www.delfi.ee\/a\/120608610\/putin-kaskis-peatada-runnakud-kiievile-trumpi-saadikute-visiidi-ajaks\/kommentaarid\" class=\"button button--size-auto article-body-bottom__comment article-body-bottom__comment--read\" style=\"\" rel=\"nofollow noopener\" target=\"_blank\">Loe kommentaare (30)<\/a><\/p>\n","protected":false},"excerpt":{"rendered":"Varem t\u00e4na maandusid Witkoff ja Kushner Moskvas. Kiievisse peaksid nad reisima homme. See saab olema saadikute esimene Ukraina-visiit.&hellip;\n","protected":false},"author":2,"featured_media":269604,"comment_status":"","ping_status":"","sticky":false,"template":"","format":"standard","meta":{"footnotes":"","_share_on_mastodon":"0"},"categories":[5],"tags":[26,27,944,37,33,35,34,36,31,32,21,8831,28,29,19,25,107,8832,23,24,262,22,325,20,96,30,661],"class_list":["post-269603","post","type-post","status-publish","format-standard","has-post-thumbnail","category-uldised-uudised","tag-breaking-news","tag-breakingnews","tag-dmitri-peskov","tag-ee","tag-eesti","tag-eesti-keel","tag-estonia","tag-estonian","tag-featured-news","tag-featurednews","tag-headlines","tag-jared-kushner","tag-latest-news","tag-latestnews","tag-news","tag-populaarseimad-lood","tag-soda-ukrainas","tag-steve-witkoff","tag-top-stories","tag-topstories","tag-ukraina","tag-uldised-uudised","tag-usa","tag-uudised","tag-venemaa","tag-viimased-uudised","tag-vladimir-putin"],"share_on_mastodon":{"url":"https:\/\/pubeurope.com\/@ee\/117223022056093419","error":""},"_links":{"self":[{"href":"https:\/\/www.europesays.com\/ee\/wp-json\/wp\/v2\/posts\/269603","targetHints":{"allow":["GET"]}}],"collection":[{"href":"https:\/\/www.europesays.com\/ee\/wp-json\/wp\/v2\/posts"}],"about":[{"href":"https:\/\/www.europesays.com\/ee\/wp-json\/wp\/v2\/types\/post"}],"author":[{"embeddable":true,"href":"https:\/\/www.europesays.com\/ee\/wp-json\/wp\/v2\/users\/2"}],"replies":[{"embeddable":true,"href":"https:\/\/www.europesays.com\/ee\/wp-json\/wp\/v2\/comments?post=269603"}],"version-history":[{"count":0,"href":"https:\/\/www.europesays.com\/ee\/wp-json\/wp\/v2\/posts\/269603\/revisions"}],"wp:featuredmedia":[{"embeddable":true,"href":"https:\/\/www.europesays.com\/ee\/wp-json\/wp\/v2\/media\/269604"}],"wp:attachment":[{"href":"https:\/\/www.europesays.com\/ee\/wp-json\/wp\/v2\/media?parent=269603"}],"wp:term":[{"taxonomy":"category","embeddable":true,"href":"https:\/\/www.europesays.com\/ee\/wp-json\/wp\/v2\/categories?post=269603"},{"taxonomy":"post_tag","embeddable":true,"href":"https:\/\/www.europesays.com\/ee\/wp-json\/wp\/v2\/tags?post=269603"}],"curies":[{"name":"wp","href":"https:\/\/api.w.org\/{rel}","templated":true}]}}