{"id":269605,"date":"2026-09-06T07:57:10","date_gmt":"2026-09-06T07:57:10","guid":{"rendered":"https:\/\/www.europesays.com\/ee\/269605\/"},"modified":"2026-09-06T07:57:10","modified_gmt":"2026-09-06T07:57:10","slug":"lauri-kadalipp-paabli-algusaegadel-olime-nagu-perekond-hommik-anuga","status":"publish","type":"post","link":"https:\/\/www.europesays.com\/ee\/269605\/","title":{"rendered":"Lauri Kadalipp: Paabli algusaegadel olime nagu perekond | Hommik Anuga"},"content":{"rendered":"<p>P\u00e4rast 12-aastast pausi uue albumi v\u00e4lja andnud Paabli liikmed meenutasid saates &#8220;Hommik Anuga&#8221;, et b\u00e4ndi algusaegadel veedeti nii palju aega koos, et nad olid nagu perekond.<\/p>\n<p>M\u00f5neks ajaks kotti pannud p\u00e4rimusansambel Paabel andis augusti l\u00f5pus v\u00e4lja uue albumi &#8220;Ajatu&#8221;. Paabli esimene album ilmus 2009. aastal, viimati anti 2014. aastal v\u00e4lja\u00a0live-album &#8220;Meestev\u00e4gi&#8221;. Publikuga j\u00e4eti ametlikult h\u00fcvasti 2017. aasta kevadel, kui Viljandi p\u00e4rimusmuusikaaidas anti viimane kontsert.<\/p>\n<p>Sandra Sillamaa meenutas, et ta pani esmakursuslasena b\u00e4ndi kokku soovist minna P\u00f5lvasse rahvamuusika t\u00f6\u00f6tluste festivalile.<\/p>\n<p>&#8220;Siis ma m\u00f5tlesin, kellega teha. M\u00f5tlesin j\u00e4llegi, et kuidagi v\u00f5iks teistmoodi l\u00e4heneda. Ma ise seda ei m\u00e4leta, aga T\u00f5nu \u00fctles \u2013 siis see vastab t\u00f5ele \u2013, et ma valisin Viljandis muusikamajast k\u00f5ige ilusamad poisid. Sellised h\u00e4sti p\u00f5hjapanevad kriteeriumid olid,&#8221; naeris Sillmaa.<\/p>\n<p>Lauri Kadalipu s\u00f5nul kasvas b\u00e4nd aastatega v\u00e4ga l\u00e4hedaseks. &#8220;Me olime ikka mingi perioodi, kui me alguses b\u00e4ndi tegime, nagu pere. Tegime b\u00e4ndilaagri vormis proove, h\u00e4ngisime koos, tegime peaaegu k\u00f5ik koos. See kasvatas nii palju \u00fchiseid juuri.&#8221;<\/p>\n<p><img decoding=\"async\" data-photo-id=\"3794296\" src=\"https:\/\/www.europesays.com\/ee\/wp-content\/uploads\/2026\/09\/3794296h0de2t24.jpg\"\/>&#8220;Hommik Anuga&#8221; Autor\/allikas: Ken M\u00fcrk\/ERR<\/p>\n<p>Arno Tamm on \u00f6elnud, et Paabel oli vastikult demokraatlik b\u00e4nd. &#8220;See t\u00e4hendas seda, et me l\u00f5ime asju demokraatlikult. Ei olnud nii, et n\u00e4e, siin on noodid, hakkame m\u00e4ngima. Meil oli baasmaterjal ja siis vegeteerisime neli tundi selle otsas, mida k\u00f5ike v\u00f5iks teha,&#8221; r\u00e4\u00e4kis T\u00f5nu Tubli.<\/p>\n<p>Kui Viljandi p\u00e4rimusmuusika festival m\u00f5ned aastad tagasi 30. tegutsemisaastat t\u00e4histas, kutsuti Paabel \u00fcheks \u00f5htul taas kokku. Siis saadi aru, et peidus on rohkemat, kui see \u00fcks kontsert.<\/p>\n<p>&#8220;Vaatad enne lavale minekut, et issand kui m\u00f5nus, saate aru, me ei saa eksida. Me v\u00f5ime teha \u00fcksk\u00f5ik mida. Ei ole seda, et siis j\u00e4rgmine koht ei book&#8217;i \u2013 me ju ei tegutsenud! Me v\u00f5ime olla laval nii vabad,&#8221; meenutas Sillamaa taas \u00fcheskoos lavale astumist.<\/p>\n<p>&#8220;Sealt hakkasime s\u00fcgisel r\u00e4\u00e4kima, et huvitav, kas see oli \u00fche\u00f6\u00f6suhe, mis meil laval oli v\u00f5i v\u00f5ib seda pikendada teises vormis. N\u00fc\u00fcd, kus me oleme teadlikumad ja targemad. Siis see vaikselt l\u00e4ks,&#8221; lisas ta.<\/p>\n<p><img decoding=\"async\" data-photo-id=\"3794284\" src=\"https:\/\/www.europesays.com\/ee\/wp-content\/uploads\/2026\/09\/3794284h1944t24.jpg\"\/>&#8220;Hommik Anuga&#8221; Autor\/allikas: Ken M\u00fcrk\/ERR<\/p>\n<p>Jaan Jaago lisas, et \u00fcks oluline kriteerium oli, et Paablit tehakse edasi ainult siis, kui k\u00f5igil on aeg, tahe ja v\u00f5imalus.<\/p>\n<p>&#8220;Aga ka see eelmise aasta Viljandi folgi kontsert, milleks me selle kava tegime, millest uus plaat &#8220;Ajatu&#8221; s\u00fcndis, me tegelikult hakkasime seda veel omakorda poolteist aastat varem m\u00f5tlema, et tahaks teha. Aga siis ka arutasime ja Sandra \u00fctles, et tal ei ole graafikus vaba aega. Me leidsime selle aja, et umbes \u00fclej\u00e4rgmine aasta jaanuarikuus hakkame vaikselt toimetame. Pikalt planeerisime ette ja rahulikult oleme seda teinud.&#8221;<\/p>\n","protected":false},"excerpt":{"rendered":"P\u00e4rast 12-aastast pausi uue albumi v\u00e4lja andnud Paabli liikmed meenutasid saates &#8220;Hommik Anuga&#8221;, et b\u00e4ndi algusaegadel veedeti nii&hellip;\n","protected":false},"author":2,"featured_media":269606,"comment_status":"","ping_status":"","sticky":false,"template":"","format":"standard","meta":{"footnotes":"","_share_on_mastodon":"0"},"categories":[85],"tags":[37,33,35,173,34,36,2461,140,98152,222],"class_list":["post-269605","post","type-post","status-publish","format-standard","has-post-thumbnail","category-tv","tag-ee","tag-eesti","tag-eesti-keel","tag-entertainment","tag-estonia","tag-estonian","tag-hommik-anuga","tag-meelelahutus","tag-paabel","tag-tv"],"share_on_mastodon":{"url":"https:\/\/pubeurope.com\/@ee\/117223034133529922","error":""},"_links":{"self":[{"href":"https:\/\/www.europesays.com\/ee\/wp-json\/wp\/v2\/posts\/269605","targetHints":{"allow":["GET"]}}],"collection":[{"href":"https:\/\/www.europesays.com\/ee\/wp-json\/wp\/v2\/posts"}],"about":[{"href":"https:\/\/www.europesays.com\/ee\/wp-json\/wp\/v2\/types\/post"}],"author":[{"embeddable":true,"href":"https:\/\/www.europesays.com\/ee\/wp-json\/wp\/v2\/users\/2"}],"replies":[{"embeddable":true,"href":"https:\/\/www.europesays.com\/ee\/wp-json\/wp\/v2\/comments?post=269605"}],"version-history":[{"count":0,"href":"https:\/\/www.europesays.com\/ee\/wp-json\/wp\/v2\/posts\/269605\/revisions"}],"wp:featuredmedia":[{"embeddable":true,"href":"https:\/\/www.europesays.com\/ee\/wp-json\/wp\/v2\/media\/269606"}],"wp:attachment":[{"href":"https:\/\/www.europesays.com\/ee\/wp-json\/wp\/v2\/media?parent=269605"}],"wp:term":[{"taxonomy":"category","embeddable":true,"href":"https:\/\/www.europesays.com\/ee\/wp-json\/wp\/v2\/categories?post=269605"},{"taxonomy":"post_tag","embeddable":true,"href":"https:\/\/www.europesays.com\/ee\/wp-json\/wp\/v2\/tags?post=269605"}],"curies":[{"name":"wp","href":"https:\/\/api.w.org\/{rel}","templated":true}]}}