{"id":26961,"date":"2025-10-24T20:07:15","date_gmt":"2025-10-24T20:07:15","guid":{"rendered":"https:\/\/www.europesays.com\/ee\/26961\/"},"modified":"2025-10-24T20:07:15","modified_gmt":"2025-10-24T20:07:15","slug":"video-ja-fotod-parnus-allkirjastati-koalitsioonilepe-linnapea-on-kristel-voltenberg-delfi","status":"publish","type":"post","link":"https:\/\/www.europesays.com\/ee\/26961\/","title":{"rendered":"VIDEO ja FOTOD | P\u00e4rnus allkirjastati koalitsioonilepe, linnapea on Kristel Voltenberg &#8211; Delfi"},"content":{"rendered":"<ol>\n<li><a href=\"https:\/\/news.google.com\/rss\/articles\/CBMi-gNBVV95cUxNbVVIV0Fwem04ckw1czBoajI1dUd4d1BrOGdmQXFUVlFEUi13VVdrb25oNmo1ZC0wRVIya3g3czNaT0Zpc1JiTUZEcXBtNUdhOEZLWDZQWmpDUk1rUE5NQW1NV2VhWkZtTGhxejg0Qk1UMTVYY0lwdTVIQzZucVpIcUo4NVBuVnBNUWV0QTI0NUhHbmpsSTFLbXZiVEhleGc3ZjZzcFFjVFZTa2U5djVUTGRoemMzT1ZTeFpoZTFBeno4Y2pGU2F1a3BnU2JmX3JqR1pOM1lDY2NQOHg3TF9raTVCUklST1JocWtlM2RuT3pvQkdOd0h2a0NHb19OVVZYRnB4aGxoOFo2T3hyRl9sT29DZllEWnF3VzU1dEgyNWdCbVhvQ21hTndmRlYwS1FtNFBDbXZ1TUxGZ1Z2UkNqRlliMlRvLV9RQWxCbUlpeVZwd19Pb0Y1VWlTT19OSmxGSE5JLS1BMGZ1VnlpTUxfRFduQjlWQW1iQnFISjRNSk5VQm4tOVdLa0NJWTVWRHlKRHNZTkJfVU1KNjBXYlhpbkFCaXByMTFYZndJUTE2SUxYdGlHaURrSHAtVFJVMEtBczJkazJMV1ZjN09nRkM3XzlRMVhwZzhWRllvT1ljMEt4ekZPYkViU1Z6MGtlWTg1Y202VW16SHBnZw?oc=5\" target=\"_blank\" rel=\"nofollow noopener\">VIDEO ja FOTOD | P\u00e4rnus allkirjastati koalitsioonilepe, linnapea on Kristel Voltenberg<\/a>&nbsp;&nbsp;Delfi<\/li>\n<li><a href=\"https:\/\/news.google.com\/rss\/articles\/CBMihAFBVV95cUxPTDAxMFFIaThVR1NtbVp2M295QWstbXljTHFwOXZua25jLXVsZXBNTmYxbFA1bXQzRUNEcGktSW1Ec1dvYV9LWTRqaHF0NGZ3djRua0dsOGNtNkNFb2ctRHhBbmRjUjdsdmtWM3BiZ2tYN2UyVnFCcEpmRzBXZmNGUGxEeGM?oc=5\" target=\"_blank\" rel=\"nofollow noopener\">P\u00e4rnu linnapeaks saab esialgu Kristel Voltenberg<\/a>&nbsp;&nbsp;ERR<\/li>\n<li><a href=\"https:\/\/news.google.com\/rss\/articles\/CBMipwFBVV95cUxOTGdNM091cTgxS05iZ2JYTlJheURZLS12dlVDLXloSlVua19jOWR0VElpUmVlNTFHQ3ZZZzh2YlNTSElHRXUxQ09HWndqVVEtd1B4YUt6cDB6SUt3bzZRbFN1X1ZBam5BNElnNWs0NVlzZFZPU2RmTGZvUldhNXJTVG5iWUNJdGhiSjE5VHNkTldvOUVLNUl5WFc0X2VPa0gtRWlsYlNVcw?oc=5\" target=\"_blank\" rel=\"nofollow noopener\">P\u00c4RNUS TEHTI AJALUGU \u27e9 Ametlikuks sai viisikkoalitsioon ja naislinnapea<\/a>&nbsp;&nbsp;P\u00e4rnu Postimees<\/li>\n<li><a href=\"https:\/\/news.google.com\/rss\/articles\/CBMinwFBVV95cUxQUi1DZmlYR0ZvVnMtLTBXRTZxMGoxTDVpaUFFSU90SDRlMXJMbHN5S1lqY0ZHaEFvWk1jQmVUZW54UERtVWpCNGxQSzQwMUZQaG1URjdhT2xiV09MSERIQVJFRGlUQmVzUExMTnNmWnpxczI4dHo2SnlleER5dHpoam56R056UWJLMTdRM1E5aXl5c1FKTHRsbFd2aXRmU2M?oc=5\" target=\"_blank\" rel=\"nofollow noopener\">Vangerdus P\u00e4rnus: linnapeakoha saab EKRE asemel valimisliit<\/a>&nbsp;&nbsp;Delfi<\/li>\n<li><a href=\"https:\/\/news.google.com\/rss\/articles\/CBMif0FVX3lxTE5pUFFTTmVtc3VSX2tMY1NZdlVuNW91NHc3dFY2WVNtaDQ4OUx0N3R0OVRDNkllMUlNbDNoMUp5S19kUWlWdFJJUkVpdzVrREc1bk5IaTFPdXRocERLVFl5bGRCSGtBdlozbS1zVHJURUI2WGhxX3JqWk14TC1rWG8?oc=5\" target=\"_blank\" rel=\"nofollow noopener\">P\u00e4rnut hakkab juhtima viisikliit<\/a>&nbsp;&nbsp;\u00c4rip\u00e4ev<\/li>\n<\/ol>\n","protected":false},"excerpt":{"rendered":"VIDEO ja FOTOD | P\u00e4rnus allkirjastati koalitsioonilepe, linnapea on Kristel Voltenberg&nbsp;&nbsp;Delfi P\u00e4rnu linnapeaks saab esialgu Kristel Voltenberg&nbsp;&nbsp;ERR P\u00c4RNUS&hellip;\n","protected":false},"author":2,"featured_media":975,"comment_status":"","ping_status":"","sticky":false,"template":"","format":"standard","meta":{"footnotes":""},"categories":[5],"tags":[26,27,37,33,35,34,36,31,32,21,28,29,19,25,23,24,22,20,30],"class_list":{"0":"post-26961","1":"post","2":"type-post","3":"status-publish","4":"format-standard","5":"has-post-thumbnail","7":"category-uldised-uudised","8":"tag-breaking-news","9":"tag-breakingnews","10":"tag-ee","11":"tag-eesti","12":"tag-eesti-keel","13":"tag-estonia","14":"tag-estonian","15":"tag-featured-news","16":"tag-featurednews","17":"tag-headlines","18":"tag-latest-news","19":"tag-latestnews","20":"tag-news","21":"tag-populaarseimad-lood","22":"tag-top-stories","23":"tag-topstories","24":"tag-uldised-uudised","25":"tag-uudised","26":"tag-viimased-uudised"},"share_on_mastodon":{"url":"https:\/\/pubeurope.com\/@ee\/115430951631715988","error":""},"_links":{"self":[{"href":"https:\/\/www.europesays.com\/ee\/wp-json\/wp\/v2\/posts\/26961","targetHints":{"allow":["GET"]}}],"collection":[{"href":"https:\/\/www.europesays.com\/ee\/wp-json\/wp\/v2\/posts"}],"about":[{"href":"https:\/\/www.europesays.com\/ee\/wp-json\/wp\/v2\/types\/post"}],"author":[{"embeddable":true,"href":"https:\/\/www.europesays.com\/ee\/wp-json\/wp\/v2\/users\/2"}],"replies":[{"embeddable":true,"href":"https:\/\/www.europesays.com\/ee\/wp-json\/wp\/v2\/comments?post=26961"}],"version-history":[{"count":0,"href":"https:\/\/www.europesays.com\/ee\/wp-json\/wp\/v2\/posts\/26961\/revisions"}],"wp:featuredmedia":[{"embeddable":true,"href":"https:\/\/www.europesays.com\/ee\/wp-json\/wp\/v2\/media\/975"}],"wp:attachment":[{"href":"https:\/\/www.europesays.com\/ee\/wp-json\/wp\/v2\/media?parent=26961"}],"wp:term":[{"taxonomy":"category","embeddable":true,"href":"https:\/\/www.europesays.com\/ee\/wp-json\/wp\/v2\/categories?post=26961"},{"taxonomy":"post_tag","embeddable":true,"href":"https:\/\/www.europesays.com\/ee\/wp-json\/wp\/v2\/tags?post=26961"}],"curies":[{"name":"wp","href":"https:\/\/api.w.org\/{rel}","templated":true}]}}