{"id":269627,"date":"2026-09-06T08:25:08","date_gmt":"2026-09-06T08:25:08","guid":{"rendered":"https:\/\/www.europesays.com\/ee\/269627\/"},"modified":"2026-09-06T08:25:08","modified_gmt":"2026-09-06T08:25:08","slug":"rainer-saks-%e2%9f%a9-venemaa-juhtidel-on-enne-riigiduuma-valimisi-eriti-oluline-jatta-mulje-et-riik-tegutseb-endiselt-taie-jouga","status":"publish","type":"post","link":"https:\/\/www.europesays.com\/ee\/269627\/","title":{"rendered":"RAINER SAKS \u27e9 Venemaa juhtidel on enne riigiduuma valimisi eriti oluline j\u00e4tta mulje, et riik tegutseb endiselt t\u00e4ie j\u00f5uga"},"content":{"rendered":"<p>Ukraina president teatas peale telefonik\u00f5net eriesindajatega Moskvas, et ta on n\u00f5us peatama \u00f5hur\u00fcnnakud Venemaal kuni esmasp\u00e4eva \u00f5htuni. Venemaa president teatas hiljem, et ta keeldus Ukraina ettepanekust pikemaks vaherahuks ja oli n\u00f5us peatama r\u00fcnnakud ainult Kiievile kuni esmasp\u00e4eva \u00f5htuni. Ameerika delegatsioon peaks lennukiga p\u00fchap\u00e4eval saabuma Kiievisse kohtuma Ukraina k\u00f5neluste delegatsiooniga. Seega j\u00e4\u00e4b seni ilmunud ametlikest teadetest mulje, et m\u00f5lemad pooled hoiduvad \u00f5hur\u00fcnnakutest (pealinnadele) ja relvarahust rinnetel ei ole juttu.<\/p>\n","protected":false},"excerpt":{"rendered":"Ukraina president teatas peale telefonik\u00f5net eriesindajatega Moskvas, et ta on n\u00f5us peatama \u00f5hur\u00fcnnakud Venemaal kuni esmasp\u00e4eva \u00f5htuni. Venemaa&hellip;\n","protected":false},"author":2,"featured_media":269628,"comment_status":"","ping_status":"","sticky":false,"template":"","format":"standard","meta":{"footnotes":"","_share_on_mastodon":"0"},"categories":[80],"tags":[587,26,27,884,37,33,35,34,36,31,32,892,21,4481,1208,28,29,95,19,18382,25,6989,89064,23,24,262,22,20,10631,1929,96,30,92,93,94,1839],"class_list":["post-269627","post","type-post","status-publish","format-standard","has-post-thumbnail","category-maailm","tag-ameerika-uhendriigid","tag-breaking-news","tag-breakingnews","tag-droonirunnak","tag-ee","tag-eesti","tag-eesti-keel","tag-estonia","tag-estonian","tag-featured-news","tag-featurednews","tag-harkiv","tag-headlines","tag-herson","tag-kiiev","tag-latest-news","tag-latestnews","tag-maailm","tag-news","tag-ohurunnak","tag-populaarseimad-lood","tag-rainer-saks","tag-riigiduuma-valimised","tag-top-stories","tag-topstories","tag-ukraina","tag-uldised-uudised","tag-uudised","tag-vaherahu","tag-vene-ukraina-soda","tag-venemaa","tag-viimased-uudised","tag-world","tag-world-news","tag-worldnews","tag-zaporizzja"],"share_on_mastodon":{"url":"","error":"Validation failed: Text character limit of 500 exceeded"},"_links":{"self":[{"href":"https:\/\/www.europesays.com\/ee\/wp-json\/wp\/v2\/posts\/269627","targetHints":{"allow":["GET"]}}],"collection":[{"href":"https:\/\/www.europesays.com\/ee\/wp-json\/wp\/v2\/posts"}],"about":[{"href":"https:\/\/www.europesays.com\/ee\/wp-json\/wp\/v2\/types\/post"}],"author":[{"embeddable":true,"href":"https:\/\/www.europesays.com\/ee\/wp-json\/wp\/v2\/users\/2"}],"replies":[{"embeddable":true,"href":"https:\/\/www.europesays.com\/ee\/wp-json\/wp\/v2\/comments?post=269627"}],"version-history":[{"count":0,"href":"https:\/\/www.europesays.com\/ee\/wp-json\/wp\/v2\/posts\/269627\/revisions"}],"wp:featuredmedia":[{"embeddable":true,"href":"https:\/\/www.europesays.com\/ee\/wp-json\/wp\/v2\/media\/269628"}],"wp:attachment":[{"href":"https:\/\/www.europesays.com\/ee\/wp-json\/wp\/v2\/media?parent=269627"}],"wp:term":[{"taxonomy":"category","embeddable":true,"href":"https:\/\/www.europesays.com\/ee\/wp-json\/wp\/v2\/categories?post=269627"},{"taxonomy":"post_tag","embeddable":true,"href":"https:\/\/www.europesays.com\/ee\/wp-json\/wp\/v2\/tags?post=269627"}],"curies":[{"name":"wp","href":"https:\/\/api.w.org\/{rel}","templated":true}]}}