{"id":269655,"date":"2026-09-06T09:09:09","date_gmt":"2026-09-06T09:09:09","guid":{"rendered":"https:\/\/www.europesays.com\/ee\/269655\/"},"modified":"2026-09-06T09:09:09","modified_gmt":"2026-09-06T09:09:09","slug":"indoneesias-peatus-vulkaanipurske-tottu-too-kuues-lennujaamas-valismaa","status":"publish","type":"post","link":"https:\/\/www.europesays.com\/ee\/269655\/","title":{"rendered":"Indoneesias peatus vulkaanipurske t\u00f5ttu t\u00f6\u00f6 kuues lennujaamas | V\u00e4lismaa"},"content":{"rendered":"<p>Indoneesias peatati p\u00fchap\u00e4eval Anak Krakatau vulkaani tegevuse t\u00f5ttu t\u00f6\u00f6 kuues lennujaamas, sealhulgas riigi suurimas ja Jakartat teenindavas Soekarno-Hatta rahvusvahelises lennujaamas.<\/p>\n<p>Anak Krakatau vulkaanipursked m\u00f5jutavad sadu lende ja k\u00fcmneid tuhandeid reisijaid. Indoneesia transpordiministri Dudy Purwagandhi s\u00f5nul suleti viimasena Bandungi Husein Sastranegara lennujaam.<\/p>\n<p>Pealinna Jakarta l\u00e4hedal asuva Soekarno-Hatta rahvusvahelise lennujaama t\u00f6\u00f6 peatati juba varem vulkaanist v\u00e4lja paiskunud tuha t\u00f5ttu.<\/p>\n<p>P\u00fchap\u00e4eva l\u00f5unaks on lennujaamade sulgemine h\u00e4irinud 516 lendu. Ainu\u00fcksi Soekarno-Hatta lennujaamas m\u00f5jutas see 202 lendu ja ligikaudu 22 800 reisijat.<\/p>\n<p>Vulkaanituhk h\u00e4iris ka Bali I Gusti Ngurah Rai rahvusvahelise lennujaama ning Medani lennujaama t\u00f6\u00f6d.<\/p>\n<p>Anak Krakatau on olnud aktiivne juba mitu p\u00e4eva. P\u00fchap\u00e4eval toimus purse, mis kestis umbes 30 sekundit.<\/p>\n<p>Satelliidipiltidel tuvastati kaks suurt vulkaani tuhapilve. \u00dcks neist t\u00f5usis ligikaudu kuue kilomeetri k\u00f5rgusele ja liikus Jakarta, Banteni ning L\u00e4\u00e4ne-Jaava kohale. Teine tuhapilv ulatus umbes 15 kilomeetri k\u00f5rgusele ning liikus \u00fcle Banteni, Lampungi ja Bengkulu piirkondade, Sunda v\u00e4ina l\u00f5unaosa ning India ookeani kohale.<\/p>\n<p>V\u00f5imude teatel pole purske t\u00f5ttu hukkunuid ega vigastatuid ning evakuatsioonikorraldust pole antud. Praegu hinnatakse, millal on lennuliikluse taastamine ohutu. H\u00e4ired lennuliikluses v\u00f5ivad j\u00e4tkuda ka p\u00e4rast lennujaamade avamist.<\/p>\n<p>Indoneesia geoloogiaagentuuri juhi Lana Saria s\u00f5nul on vulkaani aktiivsus alates juulist j\u00e4rk-j\u00e4rgult suurenenud ning p\u00fchap\u00e4evane purse oli praeguse perioodi tugevaim. Ta lisas, et praegu pole teada, kas l\u00e4hiajal v\u00f5ib tulla veel suuremaid purskeid.<\/p>\n","protected":false},"excerpt":{"rendered":"Indoneesias peatati p\u00fchap\u00e4eval Anak Krakatau vulkaani tegevuse t\u00f5ttu t\u00f6\u00f6 kuues lennujaamas, sealhulgas riigi suurimas ja Jakartat teenindavas Soekarno-Hatta&hellip;\n","protected":false},"author":2,"featured_media":269656,"comment_status":"","ping_status":"","sticky":false,"template":"","format":"standard","meta":{"footnotes":"","_share_on_mastodon":"0"},"categories":[80],"tags":[104251,26,27,37,33,35,34,36,31,32,21,2028,28,29,767,95,19,25,104252,23,24,22,20,30,79694,92,93,94],"class_list":["post-269655","post","type-post","status-publish","format-standard","has-post-thumbnail","category-maailm","tag-anak-krakatau","tag-breaking-news","tag-breakingnews","tag-ee","tag-eesti","tag-eesti-keel","tag-estonia","tag-estonian","tag-featured-news","tag-featurednews","tag-headlines","tag-indoneesia","tag-latest-news","tag-latestnews","tag-lennujaam","tag-maailm","tag-news","tag-populaarseimad-lood","tag-purse","tag-top-stories","tag-topstories","tag-uldised-uudised","tag-uudised","tag-viimased-uudised","tag-vulkaan","tag-world","tag-world-news","tag-worldnews"],"share_on_mastodon":{"url":"https:\/\/pubeurope.com\/@ee\/117223316954183414","error":""},"_links":{"self":[{"href":"https:\/\/www.europesays.com\/ee\/wp-json\/wp\/v2\/posts\/269655","targetHints":{"allow":["GET"]}}],"collection":[{"href":"https:\/\/www.europesays.com\/ee\/wp-json\/wp\/v2\/posts"}],"about":[{"href":"https:\/\/www.europesays.com\/ee\/wp-json\/wp\/v2\/types\/post"}],"author":[{"embeddable":true,"href":"https:\/\/www.europesays.com\/ee\/wp-json\/wp\/v2\/users\/2"}],"replies":[{"embeddable":true,"href":"https:\/\/www.europesays.com\/ee\/wp-json\/wp\/v2\/comments?post=269655"}],"version-history":[{"count":0,"href":"https:\/\/www.europesays.com\/ee\/wp-json\/wp\/v2\/posts\/269655\/revisions"}],"wp:featuredmedia":[{"embeddable":true,"href":"https:\/\/www.europesays.com\/ee\/wp-json\/wp\/v2\/media\/269656"}],"wp:attachment":[{"href":"https:\/\/www.europesays.com\/ee\/wp-json\/wp\/v2\/media?parent=269655"}],"wp:term":[{"taxonomy":"category","embeddable":true,"href":"https:\/\/www.europesays.com\/ee\/wp-json\/wp\/v2\/categories?post=269655"},{"taxonomy":"post_tag","embeddable":true,"href":"https:\/\/www.europesays.com\/ee\/wp-json\/wp\/v2\/tags?post=269655"}],"curies":[{"name":"wp","href":"https:\/\/api.w.org\/{rel}","templated":true}]}}