{"id":269657,"date":"2026-09-06T09:10:12","date_gmt":"2026-09-06T09:10:12","guid":{"rendered":"https:\/\/www.europesays.com\/ee\/269657\/"},"modified":"2026-09-06T09:10:12","modified_gmt":"2026-09-06T09:10:12","slug":"saaremaa-kerkis-keskmise-palga-tabelis-koha-vorra-saarte-haal","status":"publish","type":"post","link":"https:\/\/www.europesays.com\/ee\/269657\/","title":{"rendered":"Saaremaa kerkis keskmise palga tabelis koha v\u00f5rra &#8211; Saarte H\u00e4\u00e4l"},"content":{"rendered":"<ol>\n<li><a href=\"https:\/\/news.google.com\/rss\/articles\/CBMikwFBVV95cUxQUGlCa1ZkdW5qeE92WWR3OFl1YVI2Q1BWNFBKVXA5Y09xTFlJWkFleHBZSkhxcmt6aWxhXzBwRDRLTXRaMlRrLTJ5YkFSMWhjbkNVLVRPbnRIUnpxR1picVh3aUJ3N1lGVnhSTFROeHVROUpCdDdzVEFXR2JqYVJFMEFwMnhuNjVpa21nWi1fOGJqVE0?oc=5\" target=\"_blank\" rel=\"nofollow noopener\">Saaremaa kerkis keskmise palga tabelis koha v\u00f5rra<\/a>&nbsp;&nbsp;Saarte H\u00e4\u00e4l<\/li>\n<li><a href=\"https:\/\/news.google.com\/rss\/articles\/CBMitgFBVV95cUxQUTl0bkdhOXo4ZGdTbHM3TjVTOXVuNUxLV3hvNE8zUXNDY0JIcW9faEtuVlExbDI4UVJ2a241WVhLSU4yS3VXblZ6aExlUFZ5akZ1OC1zeFh4UTA0YlVsVml0V3U4ZnQwbjNoMmZ2VkN3cGtUZTEydnRwRzdKbkU4TUF5V09jZm41Y05zMmpudjRLWkpIQjU5eElJM2t2bUxuUFl1eTdCckhJbm9NUlZMdlFyZnJwQQ?oc=5\" target=\"_blank\" rel=\"nofollow noopener\">2026. aasta teises kvartalis oli keskmine brutokuupalk 2243 eurot<\/a>&nbsp;&nbsp;geeniusdigipro.delfi.ee<\/li>\n<li><a href=\"https:\/\/news.google.com\/rss\/articles\/CBMic0FVX3lxTE5oNm42OUtZY1JyTk8tak5SNWl3Uld2RjlkOUs4QzJ4RlZGUlppbkRKOFVYTkZaM2xXMVJLU0wxSVlaNzJsZjlBUnFRRDN4WDQxci1MME8zRldUcWhuNWlfSHhFZG1FZVFmYVpwaHhIN04zcWc?oc=5\" target=\"_blank\" rel=\"nofollow noopener\">Palgad t\u00f5usid aastaga 5,5 protsenti<\/a>&nbsp;&nbsp;ERR<\/li>\n<li><a href=\"https:\/\/news.google.com\/rss\/articles\/CBMivgFBVV95cUxOWm9CR0t6NVJielhRRm96ZS1TMlhnb2dLRmlvMTVVM3hGT1A0enNaMU5ONHUweDF1aTVvM2NMWW4tVlMtWVpZX29aM2JYY3ZHb3ZUanA4b19NNW9wcGVYQzRyekJkNzJmR25tVE1oVnZKVmtXLTg5LXpwUHFWeVdDeS1sN3Y1U0FGUjJiMkd6aE9kSElpWkhSaWdYb2NQaXBQU3pSeVdVdHVvVTlxekxReHNEcnRuUVlqa0ZpdUpB?oc=5\" target=\"_blank\" rel=\"nofollow noopener\">Kaubanduse palgad t\u00f5usid keskmisest kiiremini. \u00d6konomist ootab kasvu j\u00e4tkumist<\/a>&nbsp;&nbsp;Kaubandus.ee<\/li>\n<li><a href=\"https:\/\/news.google.com\/rss\/articles\/CBMilAFBVV95cUxPUmYxSmw3UUtWQjhJSkk0cEtaQ0g0ZXVOMEg0c0pibzlkWlJ0NGFqLXFTUVBLMjg0eUxLazQ2Um5JSmVhdW52cHVWZjJLdkhzYkRWRTBNQlR6d1dZZ2VlWmh4MXlMZk1Ic1VHdFA1c1F5Tkl1aTVvZ3BsNUZ3LVBqSEROeGEtTGZza0NVMFZlMl9VdHBj?oc=5\" target=\"_blank\" rel=\"nofollow noopener\">K\u00f5ige kesisem palgat\u00f5us oli P\u00f5lva- ja Valgamaal<\/a>&nbsp;&nbsp;L\u00f5una-Eesti Postimees<\/li>\n<\/ol>\n","protected":false},"excerpt":{"rendered":"Saaremaa kerkis keskmise palga tabelis koha v\u00f5rra&nbsp;&nbsp;Saarte H\u00e4\u00e4l 2026. aasta teises kvartalis oli keskmine brutokuupalk 2243 eurot&nbsp;&nbsp;geeniusdigipro.delfi.ee Palgad&hellip;\n","protected":false},"author":2,"featured_media":269658,"comment_status":"","ping_status":"","sticky":false,"template":"","format":"standard","meta":{"footnotes":"","_share_on_mastodon":"0"},"categories":[12],"tags":[26,27,37,33,35,2759,34,36,31,32,21,3218,2522,3664,14908,56804,28,29,104254,6375,19,104253,12897,25,948,2559,23,24,22,20,1414,30],"class_list":["post-269657","post","type-post","status-publish","format-standard","has-post-thumbnail","category-eesti","tag-breaking-news","tag-breakingnews","tag-ee","tag-eesti","tag-eesti-keel","tag-eesti-majandus","tag-estonia","tag-estonian","tag-featured-news","tag-featurednews","tag-headlines","tag-hiiumaa","tag-ida-virumaa","tag-jogevamaa","tag-keskmine-palk","tag-krista-vaikmets","tag-latest-news","tag-latestnews","tag-maakondade-palgavordlus","tag-mediaanpalk","tag-news","tag-palga-kasv","tag-polvamaa","tag-populaarseimad-lood","tag-saaremaa","tag-statistikaamet","tag-top-stories","tag-topstories","tag-uldised-uudised","tag-uudised","tag-valgamaa","tag-viimased-uudised"],"share_on_mastodon":{"url":"https:\/\/pubeurope.com\/@ee\/117223320622692969","error":""},"_links":{"self":[{"href":"https:\/\/www.europesays.com\/ee\/wp-json\/wp\/v2\/posts\/269657","targetHints":{"allow":["GET"]}}],"collection":[{"href":"https:\/\/www.europesays.com\/ee\/wp-json\/wp\/v2\/posts"}],"about":[{"href":"https:\/\/www.europesays.com\/ee\/wp-json\/wp\/v2\/types\/post"}],"author":[{"embeddable":true,"href":"https:\/\/www.europesays.com\/ee\/wp-json\/wp\/v2\/users\/2"}],"replies":[{"embeddable":true,"href":"https:\/\/www.europesays.com\/ee\/wp-json\/wp\/v2\/comments?post=269657"}],"version-history":[{"count":0,"href":"https:\/\/www.europesays.com\/ee\/wp-json\/wp\/v2\/posts\/269657\/revisions"}],"wp:featuredmedia":[{"embeddable":true,"href":"https:\/\/www.europesays.com\/ee\/wp-json\/wp\/v2\/media\/269658"}],"wp:attachment":[{"href":"https:\/\/www.europesays.com\/ee\/wp-json\/wp\/v2\/media?parent=269657"}],"wp:term":[{"taxonomy":"category","embeddable":true,"href":"https:\/\/www.europesays.com\/ee\/wp-json\/wp\/v2\/categories?post=269657"},{"taxonomy":"post_tag","embeddable":true,"href":"https:\/\/www.europesays.com\/ee\/wp-json\/wp\/v2\/tags?post=269657"}],"curies":[{"name":"wp","href":"https:\/\/api.w.org\/{rel}","templated":true}]}}