{"id":269665,"date":"2026-09-06T09:20:14","date_gmt":"2026-09-06T09:20:14","guid":{"rendered":"https:\/\/www.europesays.com\/ee\/269665\/"},"modified":"2026-09-06T09:20:14","modified_gmt":"2026-09-06T09:20:14","slug":"video-sajad-maskides-randevastased-blokeerisid-doveri-sadama-briti-politsei-laiutas-kasi","status":"publish","type":"post","link":"https:\/\/www.europesays.com\/ee\/269665\/","title":{"rendered":"VIDEO | Sajad maskides r\u00e4ndevastased blokeerisid Doveri sadama. Briti politsei laiutas k\u00e4si"},"content":{"rendered":"<p>Maskides tegelased takistasid mitu tundi sadamasse viivat liiklust ning kohalikud elanikud nimetasid kogemust \u00e4\u00e4rmiselt hirmutavaks, vahendab BBC. Osalejad skandeerisid loosungeid \u201eKelle t\u00e4navad? Meie t\u00e4navad!\u201c ja \u201ePeatage paadid!\u201c Kella 9 paiku olid sadamasse p\u00e4\u00e4semiseks tekkinud 45-minutilised j\u00e4rjekorrad. Keskp\u00e4evaks asutasid maskides isikud lahkuma.<\/p>\n<p><img decoding=\"async\" src=\"https:\/\/www.europesays.com\/ee\/wp-content\/uploads\/2026\/09\/9d2b19b6-e383-4440-ac72-a068f5896b38.jpg\" loading=\"lazy\" alt=\"Maskikandjad p\u00e4rast aktsiooni Doverist lahkumas\"\/><\/p>\n<p>Aktsioonile avaldasid sotsiaalmeedias toetust parem\u00e4\u00e4rmuslastest aktivistid eesotsas <a rel=\"noopener nofollow\" target=\"_blank\" href=\"https:\/\/www.delfi.ee\/teema\/96879682\/tommy-robinson\" tag-id=\"96879682\">Tommy Robinsoniga<\/a>, kelle s\u00f5nul oli juhtunu eesm\u00e4rk protestida ebaseadusliku r\u00e4nde vastu. Parempopulistliku partei Reform UK juht <a rel=\"noopener nofollow\" target=\"_blank\" href=\"https:\/\/www.delfi.ee\/teema\/66069902\/nigel-farage\" tag-id=\"66069902\">Nigel Farage<\/a> taunis siiski fakti, et osalejad oma n\u00e4gu suusamaskidega varjasid. \u201eMeie riigis ei tohiks lubada maskides t\u00e4navale tulla ja meelt avaldada, see on igas m\u00f5ttes vale, nii et m\u00f5istan t\u00e4na Doveris toimunu hukka,\u201c \u00fctles Farage.<\/p>\n<p>Briti v\u00f5imud said juhtunu j\u00e4rel laialdast kriitikat topeltstandardite eest, kuna Kenti krahvkonna politsei ei \u00fcritanud teeblokaadi laiali ajada. Politsei pressiteates nimetati juhtunut \u201espontaanseks protestimeeleavalduseks.\u201c<\/p>\n<p>Kriitikud meenutavad, et juunis j\u00f5ustunud seaduse j\u00e4rgi saab meeleavaldustel maski kandvaid isikuid vahistada, kui politsei hinnangul kaasneb meeleavaldusega korrarikkumise risk. Samuti m\u00e4rgitakse, et 2024. aastal m\u00f5isteti nelja- kuni viieaastane vanglakaristus kliimaaktivistidele, kelle tegevus takistas liiklust Londonit \u00fcmbritseval ringteel. Laup\u00e4evaste korrarikkumiste eest kedagi aga vastutusele ei v\u00f5etud.<\/p>\n<p>Kuidas see lugu Sind end tundma pani?Saada<a href=\"https:\/\/www.delfi.ee\/artikkel\/120608670\/video-sajad-maskides-randevastased-blokeerisid-doveri-sadama-briti-politsei-laiutas-kasi\/kommentaarid\" class=\"button button--primary button--size-auto article-body-bottom__comment article-body-bottom__comment--write\" style=\"\" rel=\"nofollow noopener\" target=\"_blank\">Kommenteeri<\/a><a href=\"https:\/\/www.delfi.ee\/artikkel\/120608670\/video-sajad-maskides-randevastased-blokeerisid-doveri-sadama-briti-politsei-laiutas-kasi\/kommentaarid\" class=\"button button--size-auto article-body-bottom__comment article-body-bottom__comment--read\" style=\"\" rel=\"nofollow noopener\" target=\"_blank\">Loe kommentaare (14)<\/a><\/p>\n","protected":false},"excerpt":{"rendered":"Maskides tegelased takistasid mitu tundi sadamasse viivat liiklust ning kohalikud elanikud nimetasid kogemust \u00e4\u00e4rmiselt hirmutavaks, vahendab BBC. Osalejad&hellip;\n","protected":false},"author":2,"featured_media":269666,"comment_status":"","ping_status":"","sticky":false,"template":"","format":"standard","meta":{"footnotes":"","_share_on_mastodon":"0"},"categories":[80],"tags":[26,27,104255,37,33,35,34,36,31,32,21,28,29,95,19,5274,25,47003,23,24,1038,22,20,30,92,93,94],"class_list":["post-269665","post","type-post","status-publish","format-standard","has-post-thumbnail","category-maailm","tag-breaking-news","tag-breakingnews","tag-dover","tag-ee","tag-eesti","tag-eesti-keel","tag-estonia","tag-estonian","tag-featured-news","tag-featurednews","tag-headlines","tag-latest-news","tag-latestnews","tag-maailm","tag-news","tag-nigel-farage","tag-populaarseimad-lood","tag-tommy-robinson","tag-top-stories","tag-topstories","tag-uhendkuningriik","tag-uldised-uudised","tag-uudised","tag-viimased-uudised","tag-world","tag-world-news","tag-worldnews"],"share_on_mastodon":{"url":"https:\/\/pubeurope.com\/@ee\/117223360289990332","error":""},"_links":{"self":[{"href":"https:\/\/www.europesays.com\/ee\/wp-json\/wp\/v2\/posts\/269665","targetHints":{"allow":["GET"]}}],"collection":[{"href":"https:\/\/www.europesays.com\/ee\/wp-json\/wp\/v2\/posts"}],"about":[{"href":"https:\/\/www.europesays.com\/ee\/wp-json\/wp\/v2\/types\/post"}],"author":[{"embeddable":true,"href":"https:\/\/www.europesays.com\/ee\/wp-json\/wp\/v2\/users\/2"}],"replies":[{"embeddable":true,"href":"https:\/\/www.europesays.com\/ee\/wp-json\/wp\/v2\/comments?post=269665"}],"version-history":[{"count":0,"href":"https:\/\/www.europesays.com\/ee\/wp-json\/wp\/v2\/posts\/269665\/revisions"}],"wp:featuredmedia":[{"embeddable":true,"href":"https:\/\/www.europesays.com\/ee\/wp-json\/wp\/v2\/media\/269666"}],"wp:attachment":[{"href":"https:\/\/www.europesays.com\/ee\/wp-json\/wp\/v2\/media?parent=269665"}],"wp:term":[{"taxonomy":"category","embeddable":true,"href":"https:\/\/www.europesays.com\/ee\/wp-json\/wp\/v2\/categories?post=269665"},{"taxonomy":"post_tag","embeddable":true,"href":"https:\/\/www.europesays.com\/ee\/wp-json\/wp\/v2\/tags?post=269665"}],"curies":[{"name":"wp","href":"https:\/\/api.w.org\/{rel}","templated":true}]}}