{"id":269667,"date":"2026-09-06T09:21:08","date_gmt":"2026-09-06T09:21:08","guid":{"rendered":"https:\/\/www.europesays.com\/ee\/269667\/"},"modified":"2026-09-06T09:21:08","modified_gmt":"2026-09-06T09:21:08","slug":"videointervjuu-%e2%9f%a9-kuuuurija-avab-juubelihooaja-traagilise-jatkulooga-katrin-lust-elutoo-voeti-kaest-ja-ta-otsustas-elust-lahkuda","status":"publish","type":"post","link":"https:\/\/www.europesays.com\/ee\/269667\/","title":{"rendered":"VIDEOINTERVJUU \u27e9 \u00abKuuuurija\u00bb avab juubelihooaja traagilise j\u00e4tkulooga. Katrin Lust: elut\u00f6\u00f6 v\u00f5eti k\u00e4est ja ta otsustas elust lahkuda"},"content":{"rendered":"<p>                                        <img decoding=\"async\" src=\"https:\/\/news.inbox.eu\/w\/img\/f6\/da\/f6da23e38e63a6bae0-800x0.jpg\" onerror=\"this.src=\" https:=\"\" onload=\"if(this.width &lt;= 1){this.src=\"\/><\/p>\n<p>Katrin Lusti juhitud \u00abKuuuurijal\u00bb t\u00e4itub t\u00e4navu s\u00fcgisel k\u00fcmme aastat ning 7. septembril alustab saade Kanal 2 ekraanil juubelihooaega looga, mis viib vaatajad tagasi kahe aasta eest kajastatud Tuljo traagilise saatuse juurde. Kuigi Lust on \u00abKuuuurijat\u00bb vedanud juba terve k\u00fcmnendi, tunnistab ta, et uue hooaja eel painab teda endiselt k\u00fcsimus, kas saade suudab vaatajaid \u00fcllatada ja k\u00f5netada. \u00abAlati on n\u00e4rv sees, kas keegi tahab seda vaadata ja kas inimesi \u00fcldse huvitab see saade.\u00bb<\/p>\n","protected":false},"excerpt":{"rendered":"Katrin Lusti juhitud \u00abKuuuurijal\u00bb t\u00e4itub t\u00e4navu s\u00fcgisel k\u00fcmme aastat ning 7. septembril alustab saade Kanal 2 ekraanil juubelihooaega&hellip;\n","protected":false},"author":2,"featured_media":269668,"comment_status":"","ping_status":"","sticky":false,"template":"","format":"standard","meta":{"footnotes":"","_share_on_mastodon":"0"},"categories":[12],"tags":[26,27,37,33,35,34,36,31,32,21,28,29,19,25,23,24,22,20,30],"class_list":["post-269667","post","type-post","status-publish","format-standard","has-post-thumbnail","category-eesti","tag-breaking-news","tag-breakingnews","tag-ee","tag-eesti","tag-eesti-keel","tag-estonia","tag-estonian","tag-featured-news","tag-featurednews","tag-headlines","tag-latest-news","tag-latestnews","tag-news","tag-populaarseimad-lood","tag-top-stories","tag-topstories","tag-uldised-uudised","tag-uudised","tag-viimased-uudised"],"share_on_mastodon":{"url":"https:\/\/pubeurope.com\/@ee\/117223364325256699","error":""},"_links":{"self":[{"href":"https:\/\/www.europesays.com\/ee\/wp-json\/wp\/v2\/posts\/269667","targetHints":{"allow":["GET"]}}],"collection":[{"href":"https:\/\/www.europesays.com\/ee\/wp-json\/wp\/v2\/posts"}],"about":[{"href":"https:\/\/www.europesays.com\/ee\/wp-json\/wp\/v2\/types\/post"}],"author":[{"embeddable":true,"href":"https:\/\/www.europesays.com\/ee\/wp-json\/wp\/v2\/users\/2"}],"replies":[{"embeddable":true,"href":"https:\/\/www.europesays.com\/ee\/wp-json\/wp\/v2\/comments?post=269667"}],"version-history":[{"count":0,"href":"https:\/\/www.europesays.com\/ee\/wp-json\/wp\/v2\/posts\/269667\/revisions"}],"wp:featuredmedia":[{"embeddable":true,"href":"https:\/\/www.europesays.com\/ee\/wp-json\/wp\/v2\/media\/269668"}],"wp:attachment":[{"href":"https:\/\/www.europesays.com\/ee\/wp-json\/wp\/v2\/media?parent=269667"}],"wp:term":[{"taxonomy":"category","embeddable":true,"href":"https:\/\/www.europesays.com\/ee\/wp-json\/wp\/v2\/categories?post=269667"},{"taxonomy":"post_tag","embeddable":true,"href":"https:\/\/www.europesays.com\/ee\/wp-json\/wp\/v2\/tags?post=269667"}],"curies":[{"name":"wp","href":"https:\/\/api.w.org\/{rel}","templated":true}]}}