{"id":269675,"date":"2026-09-06T09:51:09","date_gmt":"2026-09-06T09:51:09","guid":{"rendered":"https:\/\/www.europesays.com\/ee\/269675\/"},"modified":"2026-09-06T09:51:09","modified_gmt":"2026-09-06T09:51:09","slug":"59-mangu-varavasoonel-pusinud-bayern-jai-uustulnuka-vastu-nullile-jalgpall","status":"publish","type":"post","link":"https:\/\/www.europesays.com\/ee\/269675\/","title":{"rendered":"59 m\u00e4ngu v\u00e4ravasoonel p\u00fcsinud Bayern j\u00e4i uustulnuka vastu nullile | Jalgpall"},"content":{"rendered":"<p>Saksamaa jalgpalli k\u00f5rgliigas pidi tiitlikaitsja M\u00fcncheni Bayern laup\u00e4eval leppima v\u00e4ravateta viigiga eelmisel hooajal esiliigas m\u00e4nginud Schalke vastu.<\/p>\n<p>Parimad v\u00f5imalused skoori avamiseks olid Colombia r\u00fcndajal Luis Diazel, kes raiskas avapoolaja l\u00f5pus \u00fcks-\u00fcks olukorra ning t\u00f5stis siis teise kolmveerandtunni alguses palli Schalke v\u00e4ravavahist Loris Kariusest \u00fcle, ent kaitsjad j\u00f5udsid enne v\u00e4ravajoone \u00fcletamist selle puhtaks l\u00fc\u00fca.<\/p>\n<p>Eelmise kaheksa p\u00e4eva jooksul kaks suurt v\u00f5itu saanud Bayerni peatreener Vincent Kompany tegi laup\u00e4evaseks m\u00e4nguks algkoosseisus muudatusi ja j\u00e4ttis pingile nii Harry Kane&#8217;i kui Michael Olise, hooajaeelsetes kontrollm\u00e4ngudes kaks korda kokku kukkunud Jamal Musiala sekkumine pool tundi enne m\u00e4ngu l\u00f5ppu t\u00f5i tiitlikaitsja r\u00fcnnakusse tempot, aga h\u00e4sti m\u00e4nginud Kariust ja kompaktset Schalke kaitseliini ei \u00f5nnestunud Bayernil l\u00f5puni \u00fcle m\u00e4ngida.<\/p>\n<p>Enne laup\u00e4eva oli Bayern ametlikes m\u00e4ngudes v\u00f5rku sahistanud 59 j\u00e4rjestikuses kohtumises. Viik t\u00e4hendab, et Bayern ei ole selle vooru j\u00e4rel Bundesliga tabeli tipus: viimati juhtus see ligi kaks aastat tagasi.<\/p>\n<p>Eesti jalgpallikoondise v\u00e4ravavahi Karl Jakob Heina koduklubi Bremeni Werder <a href=\"https:\/\/sport.err.ee\/1610129635\/werder-voitis-aga-hein-jai-uleminutitel-nullimangust-ilma\" target=\"_blank\" rel=\"noopener nofollow\">sai hooaja esimese v\u00f5idu<\/a>, kui alistas kodus Meistrite liiga klubi Leipzigi 3:1; Leverkuseni Bayer alistas Berliini Unioni 4:0 ning Dortmund sai Hoffenheimist jagu 3:2, aga vooru silmapaistvaima tulemuse pakkus uustulnuk Elversberg, kes oli v\u00f5\u00f5rsil 4:3 \u00fcle M\u00f6nchengladbachi Borussiast. Sealjuures oli Elversberg veel 65. minutil 1:3 kaotusseisus, v\u00f5iduv\u00e4rav l\u00f6\u00f6di kohtumise teisel lisaminutil.<\/p>\n","protected":false},"excerpt":{"rendered":"Saksamaa jalgpalli k\u00f5rgliigas pidi tiitlikaitsja M\u00fcncheni Bayern laup\u00e4eval leppima v\u00e4ravateta viigiga eelmisel hooajal esiliigas m\u00e4nginud Schalke vastu. Parimad&hellip;\n","protected":false},"author":2,"featured_media":269676,"comment_status":"","ping_status":"","sticky":false,"template":"","format":"standard","meta":{"footnotes":"","_share_on_mastodon":"0"},"categories":[18],"tags":[37,33,35,34,36,538,104260,104259,159,158],"class_list":["post-269675","post","type-post","status-publish","format-standard","has-post-thumbnail","category-sport","tag-ee","tag-eesti","tag-eesti-keel","tag-estonia","tag-estonian","tag-muncheni-bayern","tag-saksamaa-jalgpalli-bundesliga","tag-schalke-04","tag-sport","tag-sports"],"share_on_mastodon":{"url":"https:\/\/pubeurope.com\/@ee\/117223482231685699","error":""},"_links":{"self":[{"href":"https:\/\/www.europesays.com\/ee\/wp-json\/wp\/v2\/posts\/269675","targetHints":{"allow":["GET"]}}],"collection":[{"href":"https:\/\/www.europesays.com\/ee\/wp-json\/wp\/v2\/posts"}],"about":[{"href":"https:\/\/www.europesays.com\/ee\/wp-json\/wp\/v2\/types\/post"}],"author":[{"embeddable":true,"href":"https:\/\/www.europesays.com\/ee\/wp-json\/wp\/v2\/users\/2"}],"replies":[{"embeddable":true,"href":"https:\/\/www.europesays.com\/ee\/wp-json\/wp\/v2\/comments?post=269675"}],"version-history":[{"count":0,"href":"https:\/\/www.europesays.com\/ee\/wp-json\/wp\/v2\/posts\/269675\/revisions"}],"wp:featuredmedia":[{"embeddable":true,"href":"https:\/\/www.europesays.com\/ee\/wp-json\/wp\/v2\/media\/269676"}],"wp:attachment":[{"href":"https:\/\/www.europesays.com\/ee\/wp-json\/wp\/v2\/media?parent=269675"}],"wp:term":[{"taxonomy":"category","embeddable":true,"href":"https:\/\/www.europesays.com\/ee\/wp-json\/wp\/v2\/categories?post=269675"},{"taxonomy":"post_tag","embeddable":true,"href":"https:\/\/www.europesays.com\/ee\/wp-json\/wp\/v2\/tags?post=269675"}],"curies":[{"name":"wp","href":"https:\/\/api.w.org\/{rel}","templated":true}]}}