{"id":269679,"date":"2026-09-06T10:05:48","date_gmt":"2026-09-06T10:05:48","guid":{"rendered":"https:\/\/www.europesays.com\/ee\/269679\/"},"modified":"2026-09-06T10:05:48","modified_gmt":"2026-09-06T10:05:48","slug":"siseministeerium-noustus-jatkama-kukkunud-vanurite-aitamist-toovalisel-ajal","status":"publish","type":"post","link":"https:\/\/www.europesays.com\/ee\/269679\/","title":{"rendered":"Siseministeerium n\u00f5ustus j\u00e4tkama kukkunud vanurite aitamist t\u00f6\u00f6v\u00e4lisel ajal"},"content":{"rendered":"<p>              <a href=\"https:\/\/lounaeestlane.ee\/wp-content\/uploads\/2018\/03\/haige.jpeg\" rel=\"lightbox nofollow noopener\" target=\"_blank\"><img width=\"310\" height=\"214\" src=\"https:\/\/www.europesays.com\/ee\/wp-content\/uploads\/2026\/09\/haige-768x530.jpeg\" class=\"attachment-medium_large size-medium_large wp-post-image\" alt=\"\" decoding=\"async\" fetchpriority=\"high\"  \/><\/a><\/p>\n<p> Siseministeerium muutis oma algset otsust, millega politseinikud ei peaks enam k\u00e4ima kodus kukkunud eakaid p\u00fcsti aitamas, j\u00e4ttes selle kiirabile ja sotsiaalt\u00f6\u00f6tajatele ning teatas n\u00fc\u00fcd, et j\u00e4tkab siiski ajutiselt t\u00f6\u00f6tundide-v\u00e4lisel ajal selle osutamist. Siseministeeriumi otsus selle teenuse osutamisest loobuda oli tulnud kohalikele omavalitsustele ja sotsiaalministeeriumile ootamatult.<\/p>\n<p>Alates 1. septembrist peavad kodus kukkunud eakaid aitama kiirabi ja kohalike omavalitsuste sotsiaalt\u00f6\u00f6tajad. Nii sotsiaalministeerium kui ka omavalitsused leiavad, et nad ei suuda siseministeeriumi seatud kohustust t\u00e4ita. Seda enam, et vananeva elanikkonnaga tuleb aina rohkem ette, et kodus kukkunud inimene ei saa ilma k\u00f5rvalise abita p\u00fcsti, vahendab <a href=\"https:\/\/www.err.ee\/1610129410\/siseministeerium-noustus-jatkama-kukkunud-vanurite-aitamist-toovalisel-ajal\" rel=\"nofollow noopener\" target=\"_blank\">ERR<\/a>.<\/p>\n<p>\n\tSamal teemal<\/p>\n","protected":false},"excerpt":{"rendered":"Siseministeerium muutis oma algset otsust, millega politseinikud ei peaks enam k\u00e4ima kodus kukkunud eakaid p\u00fcsti aitamas, j\u00e4ttes selle&hellip;\n","protected":false},"author":2,"featured_media":269680,"comment_status":"","ping_status":"","sticky":false,"template":"","format":"standard","meta":{"footnotes":"","_share_on_mastodon":"0"},"categories":[12],"tags":[26,27,37,33,35,34,36,31,32,21,28,29,19,25,23,24,22,20,30],"class_list":["post-269679","post","type-post","status-publish","format-standard","has-post-thumbnail","category-eesti","tag-breaking-news","tag-breakingnews","tag-ee","tag-eesti","tag-eesti-keel","tag-estonia","tag-estonian","tag-featured-news","tag-featurednews","tag-headlines","tag-latest-news","tag-latestnews","tag-news","tag-populaarseimad-lood","tag-top-stories","tag-topstories","tag-uldised-uudised","tag-uudised","tag-viimased-uudised"],"share_on_mastodon":{"url":"https:\/\/pubeurope.com\/@ee\/117223541269451435","error":""},"_links":{"self":[{"href":"https:\/\/www.europesays.com\/ee\/wp-json\/wp\/v2\/posts\/269679","targetHints":{"allow":["GET"]}}],"collection":[{"href":"https:\/\/www.europesays.com\/ee\/wp-json\/wp\/v2\/posts"}],"about":[{"href":"https:\/\/www.europesays.com\/ee\/wp-json\/wp\/v2\/types\/post"}],"author":[{"embeddable":true,"href":"https:\/\/www.europesays.com\/ee\/wp-json\/wp\/v2\/users\/2"}],"replies":[{"embeddable":true,"href":"https:\/\/www.europesays.com\/ee\/wp-json\/wp\/v2\/comments?post=269679"}],"version-history":[{"count":0,"href":"https:\/\/www.europesays.com\/ee\/wp-json\/wp\/v2\/posts\/269679\/revisions"}],"wp:featuredmedia":[{"embeddable":true,"href":"https:\/\/www.europesays.com\/ee\/wp-json\/wp\/v2\/media\/269680"}],"wp:attachment":[{"href":"https:\/\/www.europesays.com\/ee\/wp-json\/wp\/v2\/media?parent=269679"}],"wp:term":[{"taxonomy":"category","embeddable":true,"href":"https:\/\/www.europesays.com\/ee\/wp-json\/wp\/v2\/categories?post=269679"},{"taxonomy":"post_tag","embeddable":true,"href":"https:\/\/www.europesays.com\/ee\/wp-json\/wp\/v2\/tags?post=269679"}],"curies":[{"name":"wp","href":"https:\/\/api.w.org\/{rel}","templated":true}]}}