{"id":269681,"date":"2026-09-06T10:06:28","date_gmt":"2026-09-06T10:06:28","guid":{"rendered":"https:\/\/www.europesays.com\/ee\/269681\/"},"modified":"2026-09-06T10:06:28","modified_gmt":"2026-09-06T10:06:28","slug":"nato-sunge-prognoos-euroopa-ei-peaks-vastu-sojale-venemaaga","status":"publish","type":"post","link":"https:\/\/www.europesays.com\/ee\/269681\/","title":{"rendered":"NATO s\u00fcnge prognoos: Euroopa ei peaks vastu s\u00f5jale Venemaaga"},"content":{"rendered":"<p>&#13;<br \/>\n\t&#13;<br \/>\n\t&#13;<br \/>\n&#13;<\/p>\n<p>\t\t\t<img loading=\"lazy\" width=\"1280\" height=\"720\" src=\"https:\/\/www.europesays.com\/ee\/wp-content\/uploads\/2026\/09\/1788689188_922_vene-balti.jpeg\" class=\"attachment-full size-full wp-post-image\" alt=\"\" decoding=\"async\"   data-attachment-id=\"150755\" data-permalink=\"https:\/\/eestinen.fi\/2025\/06\/jahmatav-hinnang-venemaa-valjub-ukraina-sojast-tugevamana-kui-varem-jargmisena-on-sihikul-balti-riigid\/vene-balti-2\/\" data-orig-file=\"https:\/\/www.europesays.com\/ee\/wp-content\/uploads\/2026\/09\/1788689188_922_vene-balti.jpeg\" data-orig-size=\"1280,720\" data-comments-opened=\"0\" data-image-title=\"vene balti\" data-image-description=\"&lt;p&gt;NATO&lt;\/p&gt;&#10;\" data-image-caption=\"\" data-large-file=\"https:\/\/eestinen.fi\/wp-content\/uploads\/2025\/06\/vene-balti-1024x576.jpeg\"\/>\t\t&#13;<br \/>\n\t\t\t&#13;<br \/>\n\t\t\t&#13;<\/p>\n<p>NATO kaitseplaneerijad hindavad, et Euroopa ei ole praegu v\u00f5imeline pidama Venemaa vastu pikaajalist kurnamiss\u00f5da. P\u00f5hjustena tuuakse v\u00e4lja elanikkonna v\u00e4hene s\u00f5jaline valmisolek ja kahtlused, kas avalikkus toetaks pikalevenivat konflikti.<\/p>\n<p>V\u00e4ljaande <a href=\"https:\/\/www.theguardian.com\/world\/2026\/sep\/05\/europe-unable-sustain-war-of-attrition-russia-defence-officials-say\" rel=\"nofollow noopener\" target=\"_blank\">Guardian<\/a> andmetel arutati seda teemat M\u00fcncheni julgeolekukonverentsi korraldatud kohtumisel. Osalejad j\u00f5udsid j\u00e4reldusele, et NATO peaks valmistuma pigem l\u00fchikeseks konfliktiks. Muret suurendavad USA plaanid v\u00e4hendada oma panust Euroopa kaitsesse.<\/p>\n<p>Briti ametnike s\u00f5nul ei ole l\u00e4\u00e4neriigid suutnud oma kodanikke veenda Venemaa kujutatava ohu t\u00f5siduses. Valitsused seisavad n\u00fc\u00fcd silmitsi v\u00e4ljakutsega p\u00f5hjendada valijatele sotsiaalkulutuste k\u00e4rpimist, et rahastada kaitsekulutusi.<\/p>\n<p>Samuti kardetakse, et Euroopa v\u00f5ib j\u00e4\u00e4da Venemaale alla niinimetatud h\u00fcbriids\u00f5jas. Venemaa m\u00f5jutustegevus ja parempoolsete populistlike parteide kasvav toetus v\u00f5ivad takistada kaitsekoost\u00f6\u00f6d. Itaalia v\u00e4lisminister Antonio Tajani hoiatas, et tema riik on igap\u00e4evaste k\u00fcberr\u00fcnnakute sihtm\u00e4rgiks ning on endiselt haavatav Venemaa sekkumise suhtes j\u00e4rgmise aasta valimistel.<\/p>\n<p>\u201eE5\u201d r\u00fchmitus \u2013 kuhu kuuluvad Euroopa viis suurimat s\u00f5jalist j\u00f5udu \u2013 soovib s\u00fcvendada koost\u00f6\u00f6d sellistes valdkondades nagu integreeritud \u00f5hu- ja raketikaitse, kaugmaa-t\u00e4ppisrelvad ja kosmosel p\u00f5hinevad varajase hoiatamise s\u00fcsteemid.<\/p>\n<p>\n\tLoe veel:\n<\/p>\n<p>\t\t\t&#13;<br \/>\n&#13;<br \/>\n\t&#13;<\/p>\n","protected":false},"excerpt":{"rendered":"&#13; &#13; &#13; &#13; &#13; &#13; &#13; NATO kaitseplaneerijad hindavad, et Euroopa ei ole praegu v\u00f5imeline pidama Venemaa&hellip;\n","protected":false},"author":2,"featured_media":269682,"comment_status":"","ping_status":"","sticky":false,"template":"","format":"standard","meta":{"footnotes":"","_share_on_mastodon":"0"},"categories":[5],"tags":[26,27,37,33,35,34,36,31,32,21,28,29,19,25,23,24,22,20,30],"class_list":["post-269681","post","type-post","status-publish","format-standard","has-post-thumbnail","category-uldised-uudised","tag-breaking-news","tag-breakingnews","tag-ee","tag-eesti","tag-eesti-keel","tag-estonia","tag-estonian","tag-featured-news","tag-featurednews","tag-headlines","tag-latest-news","tag-latestnews","tag-news","tag-populaarseimad-lood","tag-top-stories","tag-topstories","tag-uldised-uudised","tag-uudised","tag-viimased-uudised"],"share_on_mastodon":{"url":"https:\/\/pubeurope.com\/@ee\/117223541370020289","error":""},"_links":{"self":[{"href":"https:\/\/www.europesays.com\/ee\/wp-json\/wp\/v2\/posts\/269681","targetHints":{"allow":["GET"]}}],"collection":[{"href":"https:\/\/www.europesays.com\/ee\/wp-json\/wp\/v2\/posts"}],"about":[{"href":"https:\/\/www.europesays.com\/ee\/wp-json\/wp\/v2\/types\/post"}],"author":[{"embeddable":true,"href":"https:\/\/www.europesays.com\/ee\/wp-json\/wp\/v2\/users\/2"}],"replies":[{"embeddable":true,"href":"https:\/\/www.europesays.com\/ee\/wp-json\/wp\/v2\/comments?post=269681"}],"version-history":[{"count":0,"href":"https:\/\/www.europesays.com\/ee\/wp-json\/wp\/v2\/posts\/269681\/revisions"}],"wp:featuredmedia":[{"embeddable":true,"href":"https:\/\/www.europesays.com\/ee\/wp-json\/wp\/v2\/media\/269682"}],"wp:attachment":[{"href":"https:\/\/www.europesays.com\/ee\/wp-json\/wp\/v2\/media?parent=269681"}],"wp:term":[{"taxonomy":"category","embeddable":true,"href":"https:\/\/www.europesays.com\/ee\/wp-json\/wp\/v2\/categories?post=269681"},{"taxonomy":"post_tag","embeddable":true,"href":"https:\/\/www.europesays.com\/ee\/wp-json\/wp\/v2\/tags?post=269681"}],"curies":[{"name":"wp","href":"https:\/\/api.w.org\/{rel}","templated":true}]}}