{"id":269685,"date":"2026-09-06T10:26:11","date_gmt":"2026-09-06T10:26:11","guid":{"rendered":"https:\/\/www.europesays.com\/ee\/269685\/"},"modified":"2026-09-06T10:26:11","modified_gmt":"2026-09-06T10:26:11","slug":"pinged-rahukoneluste-eel-venemaa-rundas-ukraina-lennujaamu-ukraina-droonid-tabasid-venemaa-naftatehast-minuaeg","status":"publish","type":"post","link":"https:\/\/www.europesays.com\/ee\/269685\/","title":{"rendered":"Pinged rahuk\u00f5neluste eel: Venemaa r\u00fcndas Ukraina lennujaamu, Ukraina droonid tabasid Venemaa naftatehast \u2013 MinuAeg"},"content":{"rendered":"<p class=\"wp-block-paragraph\">Venemaa korraldas enne USA erisaadikute kavandatud visiiti r\u00fcnnakuid Ukraina lennujaamade vastu. Ukraina president Volod\u00f5m\u00f5r Zelenski seostas r\u00fcnnakute ajastust USA erisaadikute Steve Witkoffi ja Jared Kushneri saabumisega Kiievisse.<\/p>\n<p class=\"wp-block-paragraph\">Zelenski s\u00f5nul kaaluti Kiievi ja Bor\u00f5spili rahvusvahelisi lennujaamu v\u00f5imalike saabumiskohtadena USA delegatsioonile. Witkoff ja Kushner pidid p\u00e4rast Moskvas toimunud kohtumist Venemaa juhi Vladimir Putiniga suunduma p\u00fchap\u00e4eval Kiievisse, et kohtuda Zelenskiga.<\/p>\n<p class=\"wp-block-paragraph\">Venemaa riigimeedia andmetel kestsid Moskvas suletud uste taga peetud k\u00f5nelused ligikaudu kolm tundi. Kohtumise k\u00f5iki \u00fcksikasju pole avalikustatud, kuid Putini abi Juri U\u0161akov nimetas arutelu konstruktiivseks ja avameelseks.<\/p>\n<p class=\"wp-block-paragraph\">Seni avaldatud teabe p\u00f5hjal ei saavutatud USA ja Venemaa esindajate k\u00f5nelustel l\u00e4bimurret. Samuti ei ole teada, et Kreml oleks muutnud oma seniseid n\u00f5udmisi Ukraina s\u00f5ja l\u00f5petamise k\u00fcsimuses.<\/p>\n<p class=\"wp-block-paragraph\">U\u0161akovi s\u00f5nul ei keskendutud kohtumisel ainult s\u00f5jale Ukrainas. Arutati ka majandussuhteid ning v\u00f5imalikke Venemaa ja USA \u00fchiseid projekte, millest v\u00f5iks tema hinnangul kasu olla m\u00f5lemale riigile.<\/p>\n<p>Ukraina droonid tabasid Venemaa naftat\u00f6\u00f6tlemistehast<\/p>\n<p class=\"wp-block-paragraph\">Samal ajal korraldas Ukraina \u00f6\u00f6l vastu p\u00fchap\u00e4eva droonir\u00fcnnakuid mitmele Venemaal asuvale sihtm\u00e4rgile. Venemaa v\u00f5imude ja seirekanalite teatel tabasid droonid muu hulgas Rjazani naftat\u00f6\u00f6tlemistehast, kus puhkes r\u00fcnnaku j\u00e4rel tulekahju.<\/p>\n<p class=\"wp-block-paragraph\">R\u00fcnnaku t\u00e4pne ulatus ja tehasele tekitatud kahju ei ole veel s\u00f5ltumatult kinnitatud. Teateid plahvatustest ning droonide tegevusest saabus ka Rostovi oblastist.<\/p>\n<p class=\"wp-block-paragraph\">Rostovi oblasti kuberner Juri Sljusari s\u00f5nul sai Doni-\u00e4\u00e4rses Rostovis kahjustada kolm korterelamut. \u00dcks laps viidi haiglasse. Sljusar v\u00e4itis, et Venemaa \u00f5hut\u00f5rje h\u00e4vitas oblasti kohal kokku 36 Ukraina drooni.<\/p>\n<p class=\"wp-block-paragraph\">Vastastikused r\u00fcnnakud toimusid ajal, mil Ukraina ja Venemaa olid teatanud kokkuleppest hoiduda kolme p\u00e4eva jooksul teineteise pealinnade r\u00fcndamisest. Kokkulepe ei t\u00e4henda aga lahingutegevuse ega teiste piirkondade vastu suunatud r\u00fcnnakute t\u00e4ielikku peatamist.<\/p>\n<p class=\"wp-block-paragraph\">Venemaa j\u00e4tkas r\u00fcnnakuid v\u00e4ljaspool Kiievit. Ukraina v\u00f5imude andmetel hukkus 5. septembril \u00fcle riigi toimunud Venemaa r\u00fcnnakutes v\u00e4hemalt kolm inimest ning vigastada sai \u00fcle 20 inimese.<\/p>\n<p>Diplomaatilised k\u00f5nelused j\u00e4tkuvad r\u00fcnnakute varjus<\/p>\n<p class=\"wp-block-paragraph\">USA erisaadikute visiidid Moskvasse ja Kiievisse on osa diplomaatilistest j\u00f5upingutustest, millega p\u00fc\u00fctakse leida v\u00f5imalusi Venemaa alustatud s\u00f5ja l\u00f5petamiseks. Seni pole siiski avaldatud teavet kokkuleppe kohta, mis tooks kaasa p\u00fcsiva relvarahu v\u00f5i muudaks oluliselt s\u00f5ja senist kulgu.<\/p>\n<p class=\"wp-block-paragraph\">K\u00f5neluste ajal j\u00e4tkunud vastastikused r\u00fcnnakud n\u00e4itavad, et diplomaatilised kontaktid ja s\u00f5jaline tegevus toimuvad endiselt paralleelselt. Samal ajal kui Moskvas ja Kiievis arutatakse v\u00f5imalikke rahutingimusi, j\u00e4tkuvad r\u00fcnnakud nii Ukraina linnade, taristu kui ka Venemaal asuvate strateegiliste sihtm\u00e4rkide vastu.<\/p>\n<p>Ukraina teatel kaotas Venemaa \u00f6\u00f6p\u00e4evaga 1390 s\u00f5durit<\/p>\n<p class=\"wp-block-paragraph\">Ukraina relvaj\u00f5udude laup\u00e4eval avaldatud hinnangu kohaselt kaotas Venemaa viimase \u00f6\u00f6p\u00e4evaga ligikaudu 1390 s\u00f5durit. Ukraina avaldab regulaarselt oma hinnanguid Venemaa isikkoosseisu ja s\u00f5jatehnika kaotuste kohta alates t\u00e4iemahulise sissetungi algusest 24. veebruaril 2022.<\/p>\n<p class=\"wp-block-paragraph\">S\u00f5jaolukorras ei ole poolte esitatud kaotuste andmeid v\u00f5imalik alati s\u00f5ltumatult kontrollida ning Venemaa ja Ukraina avaldatud arvud erinevad sageli m\u00e4rkimisv\u00e4\u00e4rselt.<\/p>\n<p>\n\tRelated\n<\/p>\n<p>\t\tPost navigation<\/p>\n","protected":false},"excerpt":{"rendered":"Venemaa korraldas enne USA erisaadikute kavandatud visiiti r\u00fcnnakuid Ukraina lennujaamade vastu. Ukraina president Volod\u00f5m\u00f5r Zelenski seostas r\u00fcnnakute ajastust&hellip;\n","protected":false},"author":2,"featured_media":269686,"comment_status":"","ping_status":"","sticky":false,"template":"","format":"standard","meta":{"footnotes":"","_share_on_mastodon":"0"},"categories":[80],"tags":[26,27,37,33,35,34,36,31,32,21,28,29,95,19,25,23,24,22,20,30,92,93,94],"class_list":["post-269685","post","type-post","status-publish","format-standard","has-post-thumbnail","category-maailm","tag-breaking-news","tag-breakingnews","tag-ee","tag-eesti","tag-eesti-keel","tag-estonia","tag-estonian","tag-featured-news","tag-featurednews","tag-headlines","tag-latest-news","tag-latestnews","tag-maailm","tag-news","tag-populaarseimad-lood","tag-top-stories","tag-topstories","tag-uldised-uudised","tag-uudised","tag-viimased-uudised","tag-world","tag-world-news","tag-worldnews"],"share_on_mastodon":{"url":"https:\/\/pubeurope.com\/@ee\/117223619520495303","error":""},"_links":{"self":[{"href":"https:\/\/www.europesays.com\/ee\/wp-json\/wp\/v2\/posts\/269685","targetHints":{"allow":["GET"]}}],"collection":[{"href":"https:\/\/www.europesays.com\/ee\/wp-json\/wp\/v2\/posts"}],"about":[{"href":"https:\/\/www.europesays.com\/ee\/wp-json\/wp\/v2\/types\/post"}],"author":[{"embeddable":true,"href":"https:\/\/www.europesays.com\/ee\/wp-json\/wp\/v2\/users\/2"}],"replies":[{"embeddable":true,"href":"https:\/\/www.europesays.com\/ee\/wp-json\/wp\/v2\/comments?post=269685"}],"version-history":[{"count":0,"href":"https:\/\/www.europesays.com\/ee\/wp-json\/wp\/v2\/posts\/269685\/revisions"}],"wp:featuredmedia":[{"embeddable":true,"href":"https:\/\/www.europesays.com\/ee\/wp-json\/wp\/v2\/media\/269686"}],"wp:attachment":[{"href":"https:\/\/www.europesays.com\/ee\/wp-json\/wp\/v2\/media?parent=269685"}],"wp:term":[{"taxonomy":"category","embeddable":true,"href":"https:\/\/www.europesays.com\/ee\/wp-json\/wp\/v2\/categories?post=269685"},{"taxonomy":"post_tag","embeddable":true,"href":"https:\/\/www.europesays.com\/ee\/wp-json\/wp\/v2\/tags?post=269685"}],"curies":[{"name":"wp","href":"https:\/\/api.w.org\/{rel}","templated":true}]}}