{"id":269687,"date":"2026-09-06T10:27:11","date_gmt":"2026-09-06T10:27:11","guid":{"rendered":"https:\/\/www.europesays.com\/ee\/269687\/"},"modified":"2026-09-06T10:27:11","modified_gmt":"2026-09-06T10:27:11","slug":"peeter-espak-%e2%9f%a9-eesti-mainekahju-parandamiseks-on-kaks-voimalust-kas-sulid-kinni-votta-voi-lollid-kohe-lahti-lasta","status":"publish","type":"post","link":"https:\/\/www.europesays.com\/ee\/269687\/","title":{"rendered":"PEETER ESPAK \u27e9 Eesti mainekahju parandamiseks on kaks v\u00f5imalust: kas sulid kinni v\u00f5tta v\u00f5i lollid kohe lahti lasta"},"content":{"rendered":"<p>Sealjuures on veidi hale kuulata meie igap\u00e4evaseid mistahes stagneerunud riigistruktuuride v\u00f5i niisama rumalate inimeste tehtud otsuste p\u00fcsi\u00f5igustajaid taas heietamas olgu sotsiaalmeedias kui ka ajakirjanduses sellest, kuidas s\u00fc\u00fcdi olla olnud mingisugune surve midagi teha, mille t\u00f5ttu realiseerusid (paratamatud) riskid. Ka ajakirjanduse mingi osa on olnud t\u00e4iesti pehme ning ei kirjuta mitte sellest, mis toimus, vaid juba pigem ehk isegi m\u00e4\u00e4gib (vabandust v\u00e4ljendi eest) paiguti p\u00fcgada saanud lamba kombel: \u00abNoh jah, hundid taas k\u00e4isid murdmas ja vill v\u00f5eti ka vastu tahtmist seljast \u00e4ra, aga ei tohi n\u00fc\u00fcd olla ka v\u00e4ga kriitiline. Organeid tuleb alati austada, muidu on pahasti. Tuleb hoopis panna hundid maailma asju ja meie k\u00f5ikide huve paremini m\u00f5istma ja teenima! Ei ole vaja l\u00f5het ega t\u00fcli, l\u00e4hme k\u00f5ik koos \u00fchiselt edasi!\u00bb<\/p>\n","protected":false},"excerpt":{"rendered":"Sealjuures on veidi hale kuulata meie igap\u00e4evaseid mistahes stagneerunud riigistruktuuride v\u00f5i niisama rumalate inimeste tehtud otsuste p\u00fcsi\u00f5igustajaid taas&hellip;\n","protected":false},"author":2,"featured_media":269688,"comment_status":"","ping_status":"","sticky":false,"template":"","format":"standard","meta":{"footnotes":"","_share_on_mastodon":"0"},"categories":[12],"tags":[26,27,104264,37,33,35,76304,34,36,31,32,21,104263,13396,2164,4517,28,29,104266,19,5097,53624,25,104262,104265,41450,23308,23,24,22,20,30],"class_list":["post-269687","post","type-post","status-publish","format-standard","has-post-thumbnail","category-eesti","tag-breaking-news","tag-breakingnews","tag-datasel-s-r-l","tag-ee","tag-eesti","tag-eesti-keel","tag-eesti-maine","tag-estonia","tag-estonian","tag-featured-news","tag-featurednews","tag-headlines","tag-kaitsehanked","tag-kaitsepoliitika","tag-kaitsetoostus","tag-laskemoon","tag-latest-news","tag-latestnews","tag-luurevoimekus","tag-news","tag-peeter-espak","tag-poliitiline-vastutus","tag-populaarseimad-lood","tag-relvatehingu-pettus","tag-riigikorruptsioon","tag-taustakontroll","tag-the-telegraph","tag-top-stories","tag-topstories","tag-uldised-uudised","tag-uudised","tag-viimased-uudised"],"share_on_mastodon":{"url":"","error":"Validation failed: Text character limit of 500 exceeded"},"_links":{"self":[{"href":"https:\/\/www.europesays.com\/ee\/wp-json\/wp\/v2\/posts\/269687","targetHints":{"allow":["GET"]}}],"collection":[{"href":"https:\/\/www.europesays.com\/ee\/wp-json\/wp\/v2\/posts"}],"about":[{"href":"https:\/\/www.europesays.com\/ee\/wp-json\/wp\/v2\/types\/post"}],"author":[{"embeddable":true,"href":"https:\/\/www.europesays.com\/ee\/wp-json\/wp\/v2\/users\/2"}],"replies":[{"embeddable":true,"href":"https:\/\/www.europesays.com\/ee\/wp-json\/wp\/v2\/comments?post=269687"}],"version-history":[{"count":0,"href":"https:\/\/www.europesays.com\/ee\/wp-json\/wp\/v2\/posts\/269687\/revisions"}],"wp:featuredmedia":[{"embeddable":true,"href":"https:\/\/www.europesays.com\/ee\/wp-json\/wp\/v2\/media\/269688"}],"wp:attachment":[{"href":"https:\/\/www.europesays.com\/ee\/wp-json\/wp\/v2\/media?parent=269687"}],"wp:term":[{"taxonomy":"category","embeddable":true,"href":"https:\/\/www.europesays.com\/ee\/wp-json\/wp\/v2\/categories?post=269687"},{"taxonomy":"post_tag","embeddable":true,"href":"https:\/\/www.europesays.com\/ee\/wp-json\/wp\/v2\/tags?post=269687"}],"curies":[{"name":"wp","href":"https:\/\/api.w.org\/{rel}","templated":true}]}}