{"id":269691,"date":"2026-09-06T10:37:11","date_gmt":"2026-09-06T10:37:11","guid":{"rendered":"https:\/\/www.europesays.com\/ee\/269691\/"},"modified":"2026-09-06T10:37:11","modified_gmt":"2026-09-06T10:37:11","slug":"kushner-ja-witkoff-saabusid-konelusteks-kiievisse-zelenskoi-ukraina-vajab-julgeolekutagatisi","status":"publish","type":"post","link":"https:\/\/www.europesays.com\/ee\/269691\/","title":{"rendered":"Kushner ja Witkoff saabusid k\u00f5nelusteks Kiievisse. Zelensk\u00f5i: Ukraina vajab julgeolekutagatisi"},"content":{"rendered":"<p>Witkoff ja Kushner lahkusid \u00f6\u00f6l vastu p\u00fchap\u00e4eva lennukiga Poolasse ja s\u00f5itsid Rzesz\u00f3wi linnast rongiga <a rel=\"noopener nofollow\" target=\"_blank\" href=\"https:\/\/www.delfi.ee\/teema\/25048531\/ukraina\" tag-id=\"25048531\">Ukrainasse<\/a>. Kremli teatel esitasid USA esindajad kohtumisel Putiniga erinevaid m\u00f5tteid Vene-Ukraina s\u00f5ja l\u00f5petamiseks ning edastavad Ukrainas omakorda Putini seisukohad. Valge Maja allikas kinnitas esialgu vaid seda, et Kremli kohtumisel arutati s\u00f5ja l\u00f5petamise v\u00f5imalust.<\/p>\n<p><img decoding=\"async\" src=\"https:\/\/www.europesays.com\/ee\/wp-content\/uploads\/2026\/09\/929c22a3-8839-4d68-b188-8c8cb72cfcc9.jpg\" loading=\"lazy\" alt=\"Jared Kushner (paremalt esimene) ja Steve Witkoff (esiplaanil lehvitamas) Kiievi raudteejaamas\"\/><\/p>\n<p>Kiievit k\u00fclastavad m\u00f5lemad Trumpi esindajad esimest korda elus. Venemaaga peetud k\u00f5neluste k\u00e4igus on Witkoff k\u00e4inud Venemaal n\u00fc\u00fcdseks kaheksa korda (peamiselt Moskvas ja \u00fche korra Peterburis) ja Kushner on teda saatnud kolmel korral. <\/p>\n<p>V\u00e4ljaande Ukraine Context teatel olid USA esindajatel lennuv\u00e4ljal vastas presidendi kantselei juht K\u00f5r\u00f5lo Budanov, v\u00f5imupartei parlamendifraktsiooni juht Dav\u00f5d Arahhamia, asev\u00e4lisminister Serhi K\u00f5sl\u00f5tsja ja v\u00e4lisluure uus juht Rustem Umerov, kes on juhtinud Ukraina delegatsiooni varasematel k\u00f5nelustel  Venemaaga ja USA-ga.<\/p>\n<p>Ukraina president Volod\u00f5m\u00f5r Zelensk\u00f5i \u00fctles enne kohtumist Witkoffi ja Kushneriga, et tema riik on k\u00f5nelusteks valmis, kuid rahu s\u00f5lmimine eeldab Ukraina julgeoleku tagamist.<\/p>\n<p>\u201eUkraina on alati konstruktiivne ja seda ka tulevikus,\u201c \u00fctles Zelensk\u00f5i. \u201eOleme huvitatud sellest, et s\u00f5ja l\u00f5pp j\u00f5uaks l\u00e4hemale. Vaja on rahu. Vaja on julgeolekutagatisi. Vaja on, et s\u00f5jaj\u00e4rgne rahu oleks v\u00e4\u00e4rikas. Meie ettepanekud on ette valmistatud. Oluline on see, et t\u00f6\u00f6 oleks koordineeritud, sisuline ja realistlik.\u201c<\/p>\n<p>V\u00e4ljaande Ukraine Context andmeil saabusid k\u00f5nelustele ka Euroopa riikide esindajad.<\/p>\n<p>Kuidas see lugu Sind end tundma pani?Saada<a href=\"https:\/\/www.delfi.ee\/artikkel\/120608691\/kushner-ja-witkoff-saabusid-konelusteks-kiievisse-zelenskoi-ukraina-vajab-julgeolekutagatisi\/kommentaarid\" class=\"button button--primary button--size-auto article-body-bottom__comment article-body-bottom__comment--write\" style=\"\" rel=\"nofollow noopener\" target=\"_blank\">Kommenteeri<\/a><a href=\"https:\/\/www.delfi.ee\/artikkel\/120608691\/kushner-ja-witkoff-saabusid-konelusteks-kiievisse-zelenskoi-ukraina-vajab-julgeolekutagatisi\/kommentaarid\" class=\"button button--size-auto article-body-bottom__comment article-body-bottom__comment--read\" style=\"\" rel=\"nofollow noopener\" target=\"_blank\">Loe kommentaare (4)<\/a><\/p>\n","protected":false},"excerpt":{"rendered":"Witkoff ja Kushner lahkusid \u00f6\u00f6l vastu p\u00fchap\u00e4eva lennukiga Poolasse ja s\u00f5itsid Rzesz\u00f3wi linnast rongiga Ukrainasse. Kremli teatel esitasid&hellip;\n","protected":false},"author":2,"featured_media":269692,"comment_status":"","ping_status":"","sticky":false,"template":"","format":"standard","meta":{"footnotes":"","_share_on_mastodon":"0"},"categories":[80],"tags":[26,27,37,33,35,34,36,31,32,21,8831,28,29,95,19,25,107,8832,23,24,262,22,20,96,30,92,93,94],"class_list":["post-269691","post","type-post","status-publish","format-standard","has-post-thumbnail","category-maailm","tag-breaking-news","tag-breakingnews","tag-ee","tag-eesti","tag-eesti-keel","tag-estonia","tag-estonian","tag-featured-news","tag-featurednews","tag-headlines","tag-jared-kushner","tag-latest-news","tag-latestnews","tag-maailm","tag-news","tag-populaarseimad-lood","tag-soda-ukrainas","tag-steve-witkoff","tag-top-stories","tag-topstories","tag-ukraina","tag-uldised-uudised","tag-uudised","tag-venemaa","tag-viimased-uudised","tag-world","tag-world-news","tag-worldnews"],"share_on_mastodon":{"url":"https:\/\/pubeurope.com\/@ee\/117223663079258997","error":""},"_links":{"self":[{"href":"https:\/\/www.europesays.com\/ee\/wp-json\/wp\/v2\/posts\/269691","targetHints":{"allow":["GET"]}}],"collection":[{"href":"https:\/\/www.europesays.com\/ee\/wp-json\/wp\/v2\/posts"}],"about":[{"href":"https:\/\/www.europesays.com\/ee\/wp-json\/wp\/v2\/types\/post"}],"author":[{"embeddable":true,"href":"https:\/\/www.europesays.com\/ee\/wp-json\/wp\/v2\/users\/2"}],"replies":[{"embeddable":true,"href":"https:\/\/www.europesays.com\/ee\/wp-json\/wp\/v2\/comments?post=269691"}],"version-history":[{"count":0,"href":"https:\/\/www.europesays.com\/ee\/wp-json\/wp\/v2\/posts\/269691\/revisions"}],"wp:featuredmedia":[{"embeddable":true,"href":"https:\/\/www.europesays.com\/ee\/wp-json\/wp\/v2\/media\/269692"}],"wp:attachment":[{"href":"https:\/\/www.europesays.com\/ee\/wp-json\/wp\/v2\/media?parent=269691"}],"wp:term":[{"taxonomy":"category","embeddable":true,"href":"https:\/\/www.europesays.com\/ee\/wp-json\/wp\/v2\/categories?post=269691"},{"taxonomy":"post_tag","embeddable":true,"href":"https:\/\/www.europesays.com\/ee\/wp-json\/wp\/v2\/tags?post=269691"}],"curies":[{"name":"wp","href":"https:\/\/api.w.org\/{rel}","templated":true}]}}