{"id":269693,"date":"2026-09-06T10:38:34","date_gmt":"2026-09-06T10:38:34","guid":{"rendered":"https:\/\/www.europesays.com\/ee\/269693\/"},"modified":"2026-09-06T10:38:34","modified_gmt":"2026-09-06T10:38:34","slug":"see-ei-ole-normaalne-tennisist-mark-lajal-paljastas-parast-kaotust-saadud-tapmisahvardused-postimees-sport","status":"publish","type":"post","link":"https:\/\/www.europesays.com\/ee\/269693\/","title":{"rendered":"\u00abSee ei ole normaalne.\u00bb Tennisist Mark Lajal paljastas p\u00e4rast kaotust saadud tapmis\u00e4hvardused &#8211; Postimees Sport"},"content":{"rendered":"<ol>\n<li><a href=\"https:\/\/news.google.com\/rss\/articles\/CBMiwwFBVV95cUxPbjIwWWM1cV9fTGtTNkJkU2JhLWJJdE5MYWtrZlo2VUhpUUh2QjZVUUhhNklZSXBOeE51MFA2MlRLbkd1eWREeFgxOGxqVF9ieG9mSERmUGctSkZQd0g2RHBCRTZmME9Eb0duOUJZNE5McGN3U1dRdEN1THRxZHg0NUJ0RGdocVVCMUNiYVhZRXJwbUhZU1R4d19Cai1KVXA1ODJsU2JuV0MzaWZjVWd1WVlxZ0IxbjIxeGtSa3N4TG5qeDQ?oc=5\" target=\"_blank\" rel=\"nofollow noopener\">\u00abSee ei ole normaalne.\u00bb Tennisist Mark Lajal paljastas p\u00e4rast kaotust saadud tapmis\u00e4hvardused<\/a>&nbsp;&nbsp;Postimees Sport<\/li>\n<li><a href=\"https:\/\/news.google.com\/rss\/articles\/CBMizgFBVV95cUxPbmtvYzBGYi0xc3FTT0otZ0VHMVZESWJIQWtFTFI1d2pGN1hyT1h4c2hTUUlrX1RST0JGalhTTWQ3X0cwTC0zV29Vd2FyeThkdTZjY24zVkRIZnBvTlpiUFo5TzJKT3NtTy03YVVlZHZxOExOZ2NDZmFuVE94RkdTblAyZE5mYWFqWFdIdk1RVDNSTjVfZ21RbjRzSUFtSTBCdVVuZ1JFaWE1WmpMQldwRmNaeDRmOExTd3pnaERaVnBxb3huOE1MaF9tendEUQ?oc=5\" target=\"_blank\" rel=\"nofollow noopener\">\u201eSina ja kogu su pere peate surema!\u201c Mark Lajal valati valusa kaotuse j\u00e4rel tapmis\u00e4hvardustega \u00fcle<\/a>&nbsp;&nbsp;ohtuleht.ee<\/li>\n<li><a href=\"https:\/\/news.google.com\/rss\/articles\/CBMiSkFVX3lxTE1mYnZXOHlFbWNIc29xbVBQS1UxZ05PX0hvRkdheUMxa3dSN21DdEJxbGo1cS0tNndVRHVrcXA5SkxBeXlfaVlKcnFB?oc=5\" target=\"_blank\" rel=\"nofollow noopener\">Mark Lajal jagas talle saadetud tapmis\u00e4hvardusi. \u201eLoodan, et need inimesed leiavad abi\u201c<\/a>&nbsp;&nbsp;Delfi Sport<\/li>\n<\/ol>\n","protected":false},"excerpt":{"rendered":"\u00abSee ei ole normaalne.\u00bb Tennisist Mark Lajal paljastas p\u00e4rast kaotust saadud tapmis\u00e4hvardused&nbsp;&nbsp;Postimees Sport \u201eSina ja kogu su pere&hellip;\n","protected":false},"author":2,"featured_media":269694,"comment_status":"","ping_status":"","sticky":false,"template":"","format":"standard","meta":{"footnotes":"","_share_on_mastodon":"0"},"categories":[12],"tags":[26,27,37,33,35,34,36,31,32,66668,21,31887,28,29,557,19,25,104267,23,24,22,20,30],"class_list":["post-269693","post","type-post","status-publish","format-standard","has-post-thumbnail","category-eesti","tag-breaking-news","tag-breakingnews","tag-ee","tag-eesti","tag-eesti-keel","tag-estonia","tag-estonian","tag-featured-news","tag-featurednews","tag-hasartmangusoltuvus","tag-headlines","tag-kuberkiusamine","tag-latest-news","tag-latestnews","tag-mark-lajal","tag-news","tag-populaarseimad-lood","tag-tapmisahvardus","tag-top-stories","tag-topstories","tag-uldised-uudised","tag-uudised","tag-viimased-uudised"],"share_on_mastodon":{"url":"https:\/\/pubeurope.com\/@ee\/117223666646138999","error":""},"_links":{"self":[{"href":"https:\/\/www.europesays.com\/ee\/wp-json\/wp\/v2\/posts\/269693","targetHints":{"allow":["GET"]}}],"collection":[{"href":"https:\/\/www.europesays.com\/ee\/wp-json\/wp\/v2\/posts"}],"about":[{"href":"https:\/\/www.europesays.com\/ee\/wp-json\/wp\/v2\/types\/post"}],"author":[{"embeddable":true,"href":"https:\/\/www.europesays.com\/ee\/wp-json\/wp\/v2\/users\/2"}],"replies":[{"embeddable":true,"href":"https:\/\/www.europesays.com\/ee\/wp-json\/wp\/v2\/comments?post=269693"}],"version-history":[{"count":0,"href":"https:\/\/www.europesays.com\/ee\/wp-json\/wp\/v2\/posts\/269693\/revisions"}],"wp:featuredmedia":[{"embeddable":true,"href":"https:\/\/www.europesays.com\/ee\/wp-json\/wp\/v2\/media\/269694"}],"wp:attachment":[{"href":"https:\/\/www.europesays.com\/ee\/wp-json\/wp\/v2\/media?parent=269693"}],"wp:term":[{"taxonomy":"category","embeddable":true,"href":"https:\/\/www.europesays.com\/ee\/wp-json\/wp\/v2\/categories?post=269693"},{"taxonomy":"post_tag","embeddable":true,"href":"https:\/\/www.europesays.com\/ee\/wp-json\/wp\/v2\/tags?post=269693"}],"curies":[{"name":"wp","href":"https:\/\/api.w.org\/{rel}","templated":true}]}}