{"id":269697,"date":"2026-09-06T10:48:12","date_gmt":"2026-09-06T10:48:12","guid":{"rendered":"https:\/\/www.europesays.com\/ee\/269697\/"},"modified":"2026-09-06T10:48:12","modified_gmt":"2026-09-06T10:48:12","slug":"rumeenia-voimud-suudistavad-miami-kinnimajas-istuvaid-tatei-vendi-seksuaalkuritegudes","status":"publish","type":"post","link":"https:\/\/www.europesays.com\/ee\/269697\/","title":{"rendered":"Rumeenia v\u00f5imud s\u00fc\u00fcdistavad Miami kinnimajas istuvaid Tate\u2019i-vendi seksuaalkuritegudes"},"content":{"rendered":"<p>Rumeenia prokuratuur esitas sisuloojatest vendadele Andrew ja Tristan Tate\u2019ile mitmeid s\u00fc\u00fcdistusi seksuaalkuritegudes ja inimkaubanduses.<\/p>\n<p>Rumeenia kuritegevuse ja terrorismi uurimise ameti (DIICOT) andmetel s\u00fc\u00fcdistatakse Tate\u2019i-vendasid selles, et nad teenisid \u00fcle 1,2 miljoni dollari, sundides \u00fcht t\u00fcdrukut sooritama videovestlustes seksuaalakte, kirjutas <a target=\"_blank\" rel=\"noopener noreferrer nofollow\" href=\"https:\/\/www.bbc.com\/news\/articles\/c7v4npv1m22o\">BBC<\/a>.<\/p>\n","protected":false},"excerpt":{"rendered":"Rumeenia prokuratuur esitas sisuloojatest vendadele Andrew ja Tristan Tate\u2019ile mitmeid s\u00fc\u00fcdistusi seksuaalkuritegudes ja inimkaubanduses. Rumeenia kuritegevuse ja terrorismi&hellip;\n","protected":false},"author":2,"featured_media":269698,"comment_status":"","ping_status":"","sticky":false,"template":"","format":"standard","meta":{"footnotes":"","_share_on_mastodon":"0"},"categories":[80],"tags":[16608,26,27,37,33,35,34,36,31,32,21,5028,28,29,95,19,25,1945,3201,23,24,92780,22,20,30,92,93,94],"class_list":["post-269697","post","type-post","status-publish","format-standard","has-post-thumbnail","category-maailm","tag-andrew-tate","tag-breaking-news","tag-breakingnews","tag-ee","tag-eesti","tag-eesti-keel","tag-estonia","tag-estonian","tag-featured-news","tag-featurednews","tag-headlines","tag-inimkaubandus","tag-latest-news","tag-latestnews","tag-maailm","tag-news","tag-populaarseimad-lood","tag-rumeenia","tag-seksuaalkuriteod","tag-top-stories","tag-topstories","tag-tristan-tate","tag-uldised-uudised","tag-uudised","tag-viimased-uudised","tag-world","tag-world-news","tag-worldnews"],"share_on_mastodon":{"url":"https:\/\/pubeurope.com\/@ee\/117223706103202606","error":""},"_links":{"self":[{"href":"https:\/\/www.europesays.com\/ee\/wp-json\/wp\/v2\/posts\/269697","targetHints":{"allow":["GET"]}}],"collection":[{"href":"https:\/\/www.europesays.com\/ee\/wp-json\/wp\/v2\/posts"}],"about":[{"href":"https:\/\/www.europesays.com\/ee\/wp-json\/wp\/v2\/types\/post"}],"author":[{"embeddable":true,"href":"https:\/\/www.europesays.com\/ee\/wp-json\/wp\/v2\/users\/2"}],"replies":[{"embeddable":true,"href":"https:\/\/www.europesays.com\/ee\/wp-json\/wp\/v2\/comments?post=269697"}],"version-history":[{"count":0,"href":"https:\/\/www.europesays.com\/ee\/wp-json\/wp\/v2\/posts\/269697\/revisions"}],"wp:featuredmedia":[{"embeddable":true,"href":"https:\/\/www.europesays.com\/ee\/wp-json\/wp\/v2\/media\/269698"}],"wp:attachment":[{"href":"https:\/\/www.europesays.com\/ee\/wp-json\/wp\/v2\/media?parent=269697"}],"wp:term":[{"taxonomy":"category","embeddable":true,"href":"https:\/\/www.europesays.com\/ee\/wp-json\/wp\/v2\/categories?post=269697"},{"taxonomy":"post_tag","embeddable":true,"href":"https:\/\/www.europesays.com\/ee\/wp-json\/wp\/v2\/tags?post=269697"}],"curies":[{"name":"wp","href":"https:\/\/api.w.org\/{rel}","templated":true}]}}