{"id":269703,"date":"2026-09-06T10:59:10","date_gmt":"2026-09-06T10:59:10","guid":{"rendered":"https:\/\/www.europesays.com\/ee\/269703\/"},"modified":"2026-09-06T10:59:10","modified_gmt":"2026-09-06T10:59:10","slug":"saksamaa-ettevote-isar-aerospace-saatis-norrast-orbiidile-raketi-valismaa","status":"publish","type":"post","link":"https:\/\/www.europesays.com\/ee\/269703\/","title":{"rendered":"Saksamaa ettev\u00f5te Isar Aerospace saatis Norrast orbiidile raketi | V\u00e4lismaa"},"content":{"rendered":"<p>Saksamaa kosmoseettev\u00f5te Isar Aerospace saatis laup\u00e4eval Norrast orbiidile oma raketi Spectrum, mis on oluline samm arendamaks kosmoset\u00f6\u00f6stust Euroopas.<\/p>\n<p>Rakett, mis on 28-meetrine ja kaheastmeline, startis p\u00f5hjapolaarjoonest p\u00f5hja pool asuvalt And\u00f8ya kosmodroomilt. Ettev\u00f5tte teatel j\u00f5udis Spectrum orbiidile umbes k\u00fcmme minutit p\u00e4rast starti.<\/p>\n<p>&#8220;Oleme orbiidil! Ja tegime just Euroopa ajalugu,&#8221; teatas Isar Aerospace sotsiaalmeediaplatvormil X, m\u00e4rkides, et tegemist on esimese korraga, kui Mandri-Euroopast on orbiidile j\u00f5udnud erakapitalil arendatud rakett.<\/p>\n<p>Norra kaubandus- ja t\u00f6\u00f6stusminister Cecilie Myrseth nimetas starti Euroopa kosmoset\u00f6\u00f6stuse jaoks l\u00e4bimurdeks. Tema s\u00f5nul aitab see tugevdada nii Norra kui ka Euroopa julgeolekut.<\/p>\n<p>Isar Aerospace&#8217;i jaoks oli tegemist ettev\u00f5tte teise stardiga. Esimene rakett kukkus 2025. aasta m\u00e4rtsis varsti p\u00e4rast And\u00f8yast \u00f5hkut\u00f5usmist merre ja plahvatas. Seekordsele stardile eelnesid aga kuudepikkused viivitused, mida p\u00f5hjustasid tehnilised ja ohutusega seotud probleemid.<\/p>\n<p>Kui Spectrum j\u00f5uab kavandatud seeriatootmisse, hakkab rakett viima tsiviil- ja militaarsatelliite m\u00f5nesaja kilomeetri k\u00f5rgusele Maa-l\u00e4hedasele orbiidile. Rakett suudab kanda ligikaudu \u00fche tonni jagu lasti.<\/p>\n<p>Isar Aerospace&#8217;i M\u00fcncheni l\u00e4hedal asuv tehas on ettev\u00f5tte s\u00f5nul v\u00f5imeline tootma rohkem kui 30 raketti aastas.<\/p>\n<p>&#8220;Meil on vaja v\u00f5imekust. Meil on vaja iseseisvust,&#8221; \u00fctles Saksamaa liidukantsler Friedrich Merz m\u00e4rtsis And\u00f8ya kosmosekeskust k\u00fclastades. Merz on r\u00f5hutanud ka kosmose kasvavat t\u00e4htsust Euroopa julgeolekule ja majandusele.<\/p>\n<p>Saksamaa kaitseminister Boris Pistorius on v\u00e4lja kuulutanud 35 miljardi euro suuruse kava, mille eesm\u00e4rk on arendada Saksamaa kosmosev\u00f5imekust 2030. aastaks.<\/p>\n","protected":false},"excerpt":{"rendered":"Saksamaa kosmoseettev\u00f5te Isar Aerospace saatis laup\u00e4eval Norrast orbiidile oma raketi Spectrum, mis on oluline samm arendamaks kosmoset\u00f6\u00f6stust Euroopas.&hellip;\n","protected":false},"author":2,"featured_media":269704,"comment_status":"","ping_status":"","sticky":false,"template":"","format":"standard","meta":{"footnotes":"","_share_on_mastodon":"0"},"categories":[80],"tags":[26,27,37,33,35,34,36,31,32,21,104270,28,29,95,19,1437,25,51,23,24,22,20,30,92,93,94],"class_list":["post-269703","post","type-post","status-publish","format-standard","has-post-thumbnail","category-maailm","tag-breaking-news","tag-breakingnews","tag-ee","tag-eesti","tag-eesti-keel","tag-estonia","tag-estonian","tag-featured-news","tag-featurednews","tag-headlines","tag-isar-aerospace","tag-latest-news","tag-latestnews","tag-maailm","tag-news","tag-norra","tag-populaarseimad-lood","tag-saksamaa","tag-top-stories","tag-topstories","tag-uldised-uudised","tag-uudised","tag-viimased-uudised","tag-world","tag-world-news","tag-worldnews"],"share_on_mastodon":{"url":"https:\/\/pubeurope.com\/@ee\/117223749282192079","error":""},"_links":{"self":[{"href":"https:\/\/www.europesays.com\/ee\/wp-json\/wp\/v2\/posts\/269703","targetHints":{"allow":["GET"]}}],"collection":[{"href":"https:\/\/www.europesays.com\/ee\/wp-json\/wp\/v2\/posts"}],"about":[{"href":"https:\/\/www.europesays.com\/ee\/wp-json\/wp\/v2\/types\/post"}],"author":[{"embeddable":true,"href":"https:\/\/www.europesays.com\/ee\/wp-json\/wp\/v2\/users\/2"}],"replies":[{"embeddable":true,"href":"https:\/\/www.europesays.com\/ee\/wp-json\/wp\/v2\/comments?post=269703"}],"version-history":[{"count":0,"href":"https:\/\/www.europesays.com\/ee\/wp-json\/wp\/v2\/posts\/269703\/revisions"}],"wp:featuredmedia":[{"embeddable":true,"href":"https:\/\/www.europesays.com\/ee\/wp-json\/wp\/v2\/media\/269704"}],"wp:attachment":[{"href":"https:\/\/www.europesays.com\/ee\/wp-json\/wp\/v2\/media?parent=269703"}],"wp:term":[{"taxonomy":"category","embeddable":true,"href":"https:\/\/www.europesays.com\/ee\/wp-json\/wp\/v2\/categories?post=269703"},{"taxonomy":"post_tag","embeddable":true,"href":"https:\/\/www.europesays.com\/ee\/wp-json\/wp\/v2\/tags?post=269703"}],"curies":[{"name":"wp","href":"https:\/\/api.w.org\/{rel}","templated":true}]}}