{"id":269707,"date":"2026-09-06T11:08:09","date_gmt":"2026-09-06T11:08:09","guid":{"rendered":"https:\/\/www.europesays.com\/ee\/269707\/"},"modified":"2026-09-06T11:08:09","modified_gmt":"2026-09-06T11:08:09","slug":"debutant-eliis-paas-mahtus-pararatturite-mmil-esikumnesse","status":"publish","type":"post","link":"https:\/\/www.europesays.com\/ee\/269707\/","title":{"rendered":"Deb\u00fctant Eliis Paas mahtus pararatturite MMil esik\u00fcmnesse"},"content":{"rendered":"<p>C2 klassi naised v\u00f5istlesid 14,6-kilomeetrisel v\u00f5istlusmaal. Sarnaselt MM-i avap\u00e4evale tuli n\u00fc\u00fcdki s\u00f5ita kuumades ja niisketes tingimustes. Esikoha p\u00e4lvis inglanna Amelia Cass ajaga 21 minutit ja 17,96 sekundit. Talle kaotas vaid 10,97 sekundiga \u0161veitslanna Flurina Rigling. Pronksmedali teenis ameeriklanna Allison Jones (+1.28,48). Paas s\u00f5itis v\u00e4lja oma isikliku keskmise kiiruse rekordi ja sai \u00fcheksanda koha ajaga 25.24,86.<\/p>\n<p>C5 klassi naised v\u00f5tsid m\u00f5\u00f5tu 29,2-kilomeetrisel distantsil. Maailmameistriks tuli prantslanna Heidi Gaugain (39.14,49), kes v\u00f5itis \u00fclekaalukalt austraallannat Alana Forsterit (+1.21,05) ja inglannat Crystal Lane-Wrighti (+2.19,71). Juuli ajaks m\u00f5\u00f5deti 52 minutit ja 23,55 sekundit, mis andis 16. koha.<\/p>\n<p>C4 klassi mehed v\u00f5istlesid samuti 29,2 kilomeetri pikkusel v\u00f5istlusmaal. Kolmikv\u00f5idu viisid Prantsusmaale Gatien le Rousseau (35.11,16), Kevin le Cunff (+57,56) ja Mattis Lebeau (+1.18,05). N\u00f5mme fini\u0161eeris ajaga 45 minutit ja 36,13 sekundit, mis andis tihedas konkurentsis 16. tulemuse.<\/p>\n<p>Eesti pararatturite koondise peatreeneri Maaris Meieri s\u00f5nul tegid k\u00f5ik sportlased oma s\u00f5idud edukalt \u00e4ra. \u00abEliis tegi oma kiireima eraldistardist s\u00f5idu just t\u00e4na. Anrelt oli korralik s\u00f5it, kuigi palavus hakkas teda teisel ringil k\u00e4tte saama. Siiski konkurentidega v\u00f5rreldes suutis ta tempot paremini hoida. Mari-Liis tegi samuti oma t\u00f6\u00f6 \u00e4ra, kuigi ka temal tuli selles kuumuses teine ring juba raskemalt,\u00bb \u00fctles Meier pressiteates.<\/p>\n<p>Pararatturite MMil on kavas veel grupis\u00f5idud.<\/p>\n","protected":false},"excerpt":{"rendered":"C2 klassi naised v\u00f5istlesid 14,6-kilomeetrisel v\u00f5istlusmaal. Sarnaselt MM-i avap\u00e4evale tuli n\u00fc\u00fcdki s\u00f5ita kuumades ja niisketes tingimustes. Esikoha p\u00e4lvis&hellip;\n","protected":false},"author":2,"featured_media":269708,"comment_status":"","ping_status":"","sticky":false,"template":"","format":"standard","meta":{"footnotes":"","_share_on_mastodon":"0"},"categories":[18],"tags":[1526,37,33,35,34,36,1517,172,1520,1513,1514,1518,1524,1515,1529,1530,1523,1519,1522,1525,1528,1527,159,158,1535,1534,1521,1532,1533,1230,1531,1516,1192],"class_list":["post-269707","post","type-post","status-publish","format-standard","has-post-thumbnail","category-sport","tag-autoralli","tag-ee","tag-eesti","tag-eesti-keel","tag-estonia","tag-estonian","tag-finaal","tag-jalgpall","tag-koondis","tag-korvpall","tag-liiga","tag-mang","tag-martin-jarveoja","tag-medal","tag-olumpia","tag-olumpiamangud","tag-ott-tanak","tag-poks","tag-postimees-sport","tag-postimees-wrc","tag-spordi-uudised","tag-spordiuudised","tag-sport","tag-sports","tag-suveolumpia","tag-suveolumpiamangud","tag-tiitel","tag-tokio","tag-tokio2020","tag-tokyo","tag-tokyo2020","tag-voistlus","tag-wrc"],"share_on_mastodon":{"url":"https:\/\/pubeurope.com\/@ee\/117223784570435907","error":""},"_links":{"self":[{"href":"https:\/\/www.europesays.com\/ee\/wp-json\/wp\/v2\/posts\/269707","targetHints":{"allow":["GET"]}}],"collection":[{"href":"https:\/\/www.europesays.com\/ee\/wp-json\/wp\/v2\/posts"}],"about":[{"href":"https:\/\/www.europesays.com\/ee\/wp-json\/wp\/v2\/types\/post"}],"author":[{"embeddable":true,"href":"https:\/\/www.europesays.com\/ee\/wp-json\/wp\/v2\/users\/2"}],"replies":[{"embeddable":true,"href":"https:\/\/www.europesays.com\/ee\/wp-json\/wp\/v2\/comments?post=269707"}],"version-history":[{"count":0,"href":"https:\/\/www.europesays.com\/ee\/wp-json\/wp\/v2\/posts\/269707\/revisions"}],"wp:featuredmedia":[{"embeddable":true,"href":"https:\/\/www.europesays.com\/ee\/wp-json\/wp\/v2\/media\/269708"}],"wp:attachment":[{"href":"https:\/\/www.europesays.com\/ee\/wp-json\/wp\/v2\/media?parent=269707"}],"wp:term":[{"taxonomy":"category","embeddable":true,"href":"https:\/\/www.europesays.com\/ee\/wp-json\/wp\/v2\/categories?post=269707"},{"taxonomy":"post_tag","embeddable":true,"href":"https:\/\/www.europesays.com\/ee\/wp-json\/wp\/v2\/tags?post=269707"}],"curies":[{"name":"wp","href":"https:\/\/api.w.org\/{rel}","templated":true}]}}