{"id":269709,"date":"2026-09-06T11:10:35","date_gmt":"2026-09-06T11:10:35","guid":{"rendered":"https:\/\/www.europesays.com\/ee\/269709\/"},"modified":"2026-09-06T11:10:35","modified_gmt":"2026-09-06T11:10:35","slug":"lati-ostab-28-miljoni-eest-maamiine","status":"publish","type":"post","link":"https:\/\/www.europesays.com\/ee\/269709\/","title":{"rendered":"L\u00e4ti ostab 28 miljoni eest maamiine"},"content":{"rendered":"<p>              <a href=\"https:\/\/lounaeestlane.ee\/wp-content\/uploads\/2025\/03\/960px-Minen.jpg\" rel=\"lightbox nofollow noopener\" target=\"_blank\"><img width=\"310\" height=\"233\" src=\"https:\/\/www.europesays.com\/ee\/wp-content\/uploads\/2026\/09\/960px-Minen-768x576.jpg\" class=\"attachment-medium_large size-medium_large wp-post-image\" alt=\"\" decoding=\"async\" fetchpriority=\"high\"  \/><\/a><br \/>\n              Foto: HH58            <\/p>\n<p>L\u00e4ti kavatseb t\u00e4navu ja j\u00e4rgmise kahe aasta jooksul eraldada miinide ostmiseks 28,3 miljonit eurot, teatas uudisteagentuur LETA 3. septembril.<\/p>\n<p>Kaitseministeerium on koostanud valitsuse korralduse, millega suunatakse 8 496 000 eurot \u00fcmber programmist \u201eRiigikaitse ja julgeoleku fond\u201d alamprogrammi \u201eRiigikaitsev\u00e4e \u00fclalpidamine\u201d; selle eesm\u00e4rk on v\u00f5imaldada miinide hankimist, \u00fcletamata seejuures 2026. aastaks laskemoonavarudele ette n\u00e4htud kogueelarvet.<\/p>\n<p>Ministeerium teatas uudisteagentuurile LETA, et miinide ostmine on kavandatud koosk\u00f5las Euroopa Liidu programmiga \u201eSecurity Action for Europe\u201d (SAFE).<\/p>\n<p>Vahendid miinide ostmiseks on ette n\u00e4htud ka j\u00e4rgnevateks aastateks: 2027. ja 2028. aastal kummalgi aastal 9,9 miljonit eurot.<\/p>\n<p>Operatiivjulgeoleku kaalutlustel ei avalda ministeerium t\u00e4psemaid \u00fcksikasju kavandatavate miinide t\u00fc\u00fcbi ega hanke mahu kohta.<\/p>\n<p>\n\tSamal teemal<\/p>\n","protected":false},"excerpt":{"rendered":"Foto: HH58 L\u00e4ti kavatseb t\u00e4navu ja j\u00e4rgmise kahe aasta jooksul eraldada miinide ostmiseks 28,3 miljonit eurot, teatas uudisteagentuur&hellip;\n","protected":false},"author":2,"featured_media":269710,"comment_status":"","ping_status":"","sticky":false,"template":"","format":"standard","meta":{"footnotes":"","_share_on_mastodon":"0"},"categories":[80],"tags":[26,27,37,33,35,34,36,31,32,21,28,29,95,19,25,23,24,22,20,30,92,93,94],"class_list":["post-269709","post","type-post","status-publish","format-standard","has-post-thumbnail","category-maailm","tag-breaking-news","tag-breakingnews","tag-ee","tag-eesti","tag-eesti-keel","tag-estonia","tag-estonian","tag-featured-news","tag-featurednews","tag-headlines","tag-latest-news","tag-latestnews","tag-maailm","tag-news","tag-populaarseimad-lood","tag-top-stories","tag-topstories","tag-uldised-uudised","tag-uudised","tag-viimased-uudised","tag-world","tag-world-news","tag-worldnews"],"share_on_mastodon":{"url":"https:\/\/pubeurope.com\/@ee\/117223793024718135","error":""},"_links":{"self":[{"href":"https:\/\/www.europesays.com\/ee\/wp-json\/wp\/v2\/posts\/269709","targetHints":{"allow":["GET"]}}],"collection":[{"href":"https:\/\/www.europesays.com\/ee\/wp-json\/wp\/v2\/posts"}],"about":[{"href":"https:\/\/www.europesays.com\/ee\/wp-json\/wp\/v2\/types\/post"}],"author":[{"embeddable":true,"href":"https:\/\/www.europesays.com\/ee\/wp-json\/wp\/v2\/users\/2"}],"replies":[{"embeddable":true,"href":"https:\/\/www.europesays.com\/ee\/wp-json\/wp\/v2\/comments?post=269709"}],"version-history":[{"count":0,"href":"https:\/\/www.europesays.com\/ee\/wp-json\/wp\/v2\/posts\/269709\/revisions"}],"wp:featuredmedia":[{"embeddable":true,"href":"https:\/\/www.europesays.com\/ee\/wp-json\/wp\/v2\/media\/269710"}],"wp:attachment":[{"href":"https:\/\/www.europesays.com\/ee\/wp-json\/wp\/v2\/media?parent=269709"}],"wp:term":[{"taxonomy":"category","embeddable":true,"href":"https:\/\/www.europesays.com\/ee\/wp-json\/wp\/v2\/categories?post=269709"},{"taxonomy":"post_tag","embeddable":true,"href":"https:\/\/www.europesays.com\/ee\/wp-json\/wp\/v2\/tags?post=269709"}],"curies":[{"name":"wp","href":"https:\/\/api.w.org\/{rel}","templated":true}]}}