{"id":269711,"date":"2026-09-06T11:11:13","date_gmt":"2026-09-06T11:11:13","guid":{"rendered":"https:\/\/www.europesays.com\/ee\/269711\/"},"modified":"2026-09-06T11:11:13","modified_gmt":"2026-09-06T11:11:13","slug":"kaart-tallinna-lennuvalik-jaab-eelmisest-talvest-horedamaks-kuigi-sihtkohti-on-kaks-rohkem","status":"publish","type":"post","link":"https:\/\/www.europesays.com\/ee\/269711\/","title":{"rendered":"KAART | Tallinna lennuvalik j\u00e4\u00e4b eelmisest talvest h\u00f5redamaks, kuigi sihtkohti on kaks rohkem"},"content":{"rendered":"<p><img decoding=\"async\" src=\"https:\/\/www.europesays.com\/ee\/wp-content\/uploads\/2026\/09\/32be1c3a-95e0-4553-b539-f5c45e156b7c.jpg\" loading=\"lazy\" alt=\"Wizz Air on \u00fcks v\u00e4heseid lennufirmasid, mis Tallinnas talveks selgelt laieneb. V\u00f5rreldes eelmise talvega lisab ettev\u00f5te lennud Rooma, Gda\u0144skisse ja Varssavisse.\"\/><\/p>\n<p>Wizz Air on \u00fcks v\u00e4heseid lennufirmasid, mis Tallinnas talveks selgelt laieneb. V\u00f5rreldes eelmise talvega lisab ettev\u00f5te lennud Rooma, Gda\u0144skisse ja Varssavisse.<\/p>\n<p>FOTO: Sven Arbet| Delfi Meedia<\/p>\n<p>Tallinnast saab eeloleval talvel lennata otse 39 sihtkohta ehk kahe v\u00f5rra rohkem kui eelmisel talvel. See kasv j\u00e4tab aga lennuvalikust liiga optimistliku mulje: kokkuv\u00f5ttes on v\u00e4ljumisi v\u00e4hem alla kahe protsendi ja istekohti v\u00e4heneb ligi neli protsenti.<\/p>\n","protected":false},"excerpt":{"rendered":"Wizz Air on \u00fcks v\u00e4heseid lennufirmasid, mis Tallinnas talveks selgelt laieneb. V\u00f5rreldes eelmise talvega lisab ettev\u00f5te lennud Rooma,&hellip;\n","protected":false},"author":2,"featured_media":269712,"comment_status":"","ping_status":"","sticky":false,"template":"","format":"standard","meta":{"footnotes":"","_share_on_mastodon":"0"},"categories":[12],"tags":[1765,26,27,37,33,35,34,36,31,32,21,28,29,1412,19,25,3322,1766,23,24,22,20,30,4310],"class_list":["post-269711","post","type-post","status-publish","format-standard","has-post-thumbnail","category-eesti","tag-airbaltic","tag-breaking-news","tag-breakingnews","tag-ee","tag-eesti","tag-eesti-keel","tag-estonia","tag-estonian","tag-featured-news","tag-featurednews","tag-headlines","tag-latest-news","tag-latestnews","tag-lennuliiklus","tag-news","tag-populaarseimad-lood","tag-ryanair","tag-tallinna-lennujaam","tag-top-stories","tag-topstories","tag-uldised-uudised","tag-uudised","tag-viimased-uudised","tag-wizz-air"],"share_on_mastodon":{"url":"https:\/\/pubeurope.com\/@ee\/117223796728315445","error":""},"_links":{"self":[{"href":"https:\/\/www.europesays.com\/ee\/wp-json\/wp\/v2\/posts\/269711","targetHints":{"allow":["GET"]}}],"collection":[{"href":"https:\/\/www.europesays.com\/ee\/wp-json\/wp\/v2\/posts"}],"about":[{"href":"https:\/\/www.europesays.com\/ee\/wp-json\/wp\/v2\/types\/post"}],"author":[{"embeddable":true,"href":"https:\/\/www.europesays.com\/ee\/wp-json\/wp\/v2\/users\/2"}],"replies":[{"embeddable":true,"href":"https:\/\/www.europesays.com\/ee\/wp-json\/wp\/v2\/comments?post=269711"}],"version-history":[{"count":0,"href":"https:\/\/www.europesays.com\/ee\/wp-json\/wp\/v2\/posts\/269711\/revisions"}],"wp:featuredmedia":[{"embeddable":true,"href":"https:\/\/www.europesays.com\/ee\/wp-json\/wp\/v2\/media\/269712"}],"wp:attachment":[{"href":"https:\/\/www.europesays.com\/ee\/wp-json\/wp\/v2\/media?parent=269711"}],"wp:term":[{"taxonomy":"category","embeddable":true,"href":"https:\/\/www.europesays.com\/ee\/wp-json\/wp\/v2\/categories?post=269711"},{"taxonomy":"post_tag","embeddable":true,"href":"https:\/\/www.europesays.com\/ee\/wp-json\/wp\/v2\/tags?post=269711"}],"curies":[{"name":"wp","href":"https:\/\/api.w.org\/{rel}","templated":true}]}}