{"id":269713,"date":"2026-09-06T11:12:26","date_gmt":"2026-09-06T11:12:26","guid":{"rendered":"https:\/\/www.europesays.com\/ee\/269713\/"},"modified":"2026-09-06T11:12:26","modified_gmt":"2026-09-06T11:12:26","slug":"atlas-uus-teadussaade-teadusartiklite-must-turg-vikerraadio-2","status":"publish","type":"post","link":"https:\/\/www.europesays.com\/ee\/269713\/","title":{"rendered":"Atlas. Uus teadussaade! Teadusartiklite must turg | Vikerraadio"},"content":{"rendered":"<p><img decoding=\"async\" src=\"https:\/\/www.europesays.com\/ee\/wp-content\/uploads\/2026\/09\/3780847h9ae0t72.jpg\" alt=\"\"\/><\/p>\n<p>Teadussaate &#8220;Atlas&#8221; saatejuhid Johannes Peetsalu ja Andres Reimann Autor\/allikas: Airika Harrik\/ERR\t\t\t\t<\/p>\n<p>Septembri esimesel p\u00fchap\u00e4eval alustab Vikerraadio eetris teadussaade &#8220;Atlas&#8221;, mis v\u00f5tab kokku n\u00e4dala olulisemad teadusuudised ning pakub ajug\u00fcmnastikat uudishimulikele kuulajatele.<\/p>\n<p>&#8220;Kolame mikrofoniga teaduse telgitagustes, selgitame igap\u00e4evaseid imesid ning muudkui k\u00fcsime ja k\u00fcsime. Sest rumalaid k\u00fcsimusi ei ole olemas, eriti teaduses,&#8221; selgitasid saatejuhid ning Novaatori teadusportaali toimetajad Andres Reimann ja Johannes Peetsalu.<\/p>\n<p>Esimeses saates v\u00f5tame luubi alla teadusartiklite musta turu ning proovime ka ise niinimetatud artiklivabrikutega \u00fchendust saada.\u00a0Maa\u00fclikooli professor Lauri Laanisto r\u00e4\u00e4gib, kuidas tema osalusega uurimist\u00f6\u00f6 sattus selliste artiklivabrikute turule ning kuidas seda prooviti pisut muudetud kujul ning kellegi teise nime alt uuesti avaldada.\u00a0<\/p>\n<p>Viimaks vestleme Kristiina T\u00f5nnisoniga, kellel on saanud t\u00e4is esimesed viis kuud Eesti teadusagentuuri juhina. Juttu tuleb teaduss\u00fcsteemi hetkeolukorrast ja tulevikuv\u00e4ljavaadetest.<\/p>\n<p>Saade on eetris alates 6. septembrist 2026 p\u00fchap\u00e4eviti kell 17.05.<\/p>\n<p><img decoding=\"async\" data-photo-id=\"3780841\" src=\"https:\/\/www.europesays.com\/ee\/wp-content\/uploads\/2026\/09\/1788693145_449_3780841h3d7at15.jpg\"\/>Teadussaate &#8220;Atlas&#8221; saatejuhid Johannes Peetsalu ja Andres Reimann Autor\/allikas: Airika Harrik\/ERR<img decoding=\"async\" data-photo-id=\"3780856\" src=\"https:\/\/www.europesays.com\/ee\/wp-content\/uploads\/2026\/09\/1788693146_216_3780856h5587t15.jpg\"\/>Teadussaate &#8220;Atlas&#8221; saatejuhid Andres Reimann ja Johannes Peetsalu Autor\/allikas: Airika Harrik\/ERR<\/p>\n","protected":false},"excerpt":{"rendered":"Teadussaate &#8220;Atlas&#8221; saatejuhid Johannes Peetsalu ja Andres Reimann Autor\/allikas: Airika Harrik\/ERR Septembri esimesel p\u00fchap\u00e4eval alustab Vikerraadio eetris teadussaade&hellip;\n","protected":false},"author":2,"featured_media":269714,"comment_status":"","ping_status":"","sticky":false,"template":"","format":"standard","meta":{"footnotes":"","_share_on_mastodon":"0"},"categories":[5],"tags":[26,27,37,33,35,34,36,31,32,21,28,29,19,25,23,24,22,20,30],"class_list":["post-269713","post","type-post","status-publish","format-standard","has-post-thumbnail","category-uldised-uudised","tag-breaking-news","tag-breakingnews","tag-ee","tag-eesti","tag-eesti-keel","tag-estonia","tag-estonian","tag-featured-news","tag-featurednews","tag-headlines","tag-latest-news","tag-latestnews","tag-news","tag-populaarseimad-lood","tag-top-stories","tag-topstories","tag-uldised-uudised","tag-uudised","tag-viimased-uudised"],"share_on_mastodon":{"url":"https:\/\/pubeurope.com\/@ee\/117223801018392334","error":""},"_links":{"self":[{"href":"https:\/\/www.europesays.com\/ee\/wp-json\/wp\/v2\/posts\/269713","targetHints":{"allow":["GET"]}}],"collection":[{"href":"https:\/\/www.europesays.com\/ee\/wp-json\/wp\/v2\/posts"}],"about":[{"href":"https:\/\/www.europesays.com\/ee\/wp-json\/wp\/v2\/types\/post"}],"author":[{"embeddable":true,"href":"https:\/\/www.europesays.com\/ee\/wp-json\/wp\/v2\/users\/2"}],"replies":[{"embeddable":true,"href":"https:\/\/www.europesays.com\/ee\/wp-json\/wp\/v2\/comments?post=269713"}],"version-history":[{"count":0,"href":"https:\/\/www.europesays.com\/ee\/wp-json\/wp\/v2\/posts\/269713\/revisions"}],"wp:featuredmedia":[{"embeddable":true,"href":"https:\/\/www.europesays.com\/ee\/wp-json\/wp\/v2\/media\/269714"}],"wp:attachment":[{"href":"https:\/\/www.europesays.com\/ee\/wp-json\/wp\/v2\/media?parent=269713"}],"wp:term":[{"taxonomy":"category","embeddable":true,"href":"https:\/\/www.europesays.com\/ee\/wp-json\/wp\/v2\/categories?post=269713"},{"taxonomy":"post_tag","embeddable":true,"href":"https:\/\/www.europesays.com\/ee\/wp-json\/wp\/v2\/tags?post=269713"}],"curies":[{"name":"wp","href":"https:\/\/api.w.org\/{rel}","templated":true}]}}