{"id":269721,"date":"2026-09-06T11:23:11","date_gmt":"2026-09-06T11:23:11","guid":{"rendered":"https:\/\/www.europesays.com\/ee\/269721\/"},"modified":"2026-09-06T11:23:11","modified_gmt":"2026-09-06T11:23:11","slug":"morteni-naitleja-helena-maria-reisner-eestis-on-sul-voimalus-olla-ukskoik-kes-sa-saad-ukskoik-mida-teha","status":"publish","type":"post","link":"https:\/\/www.europesays.com\/ee\/269721\/","title":{"rendered":"\u201eMorteni\u201c n\u00e4itleja Helena Maria Reisner: Eestis on sul v\u00f5imalus olla \u00fcksk\u00f5ik kes. Sa saad \u00fcksk\u00f5ik mida teha!"},"content":{"rendered":"<p>Noortefilmi \u201eMorten\u201c stsenaariumi lugedes k\u00f6itis Helenat eelk\u00f5ige teemade mitmekesisus. \u201eSelles filmis leidub igale inimesele mingisugune teema, millega ta suudab samastuda,\u201c usub ta. Linateose \u00fche olulisema s\u00f5numina toob ta aga v\u00e4lja, et inimese p\u00e4ritolu ei pea m\u00e4\u00e4rama tema tulevikku. \u201eEestis on sul v\u00f5imalus olla \u00fcksk\u00f5ik kes. Sa saad \u00fcksk\u00f5ik mida teha,\u201c \u00fctleb n\u00e4itleja.<\/p>\n<p>T\u00e4nap\u00e4eva noorte \u00fche suurema probleemina nimetab ta survet teistega sobituda. Seda tunnet on ta enda s\u00f5nul ka ise nooremana kogenud. N\u00e4itleja s\u00f5nul v\u00f5ib soov kuuluda m\u00f5nda seltskonda viia selleni, et inimene hakkab muutma oma isiksust, kuigi uus mina ei pruugi \u00fcldse tema tegeliku olemusega kokku minna. \u201eJ\u00e4\u00e4ge ikka iseendaks,\u201c soovitab ta.<\/p>\n<p>Intervjuus r\u00e4\u00e4gib Helena ka oma emast Liisa Pakostast, kellelt on saanud kaasa huvi hariduse ja maailmas toimuva vastu. Ema \u00f5petas ta juba v\u00e4ga noorena lugema ning temalt p\u00e4rineb n\u00e4itleja s\u00f5nul ka elur\u00f5\u00f5mus ellusuhtumine.<\/p>\n<p>T\u00e4ispikka intervjuud vaata juba videost!<\/p>\n","protected":false},"excerpt":{"rendered":"Noortefilmi \u201eMorten\u201c stsenaariumi lugedes k\u00f6itis Helenat eelk\u00f5ige teemade mitmekesisus. \u201eSelles filmis leidub igale inimesele mingisugune teema, millega ta&hellip;\n","protected":false},"author":2,"featured_media":269722,"comment_status":"","ping_status":"","sticky":false,"template":"","format":"standard","meta":{"footnotes":"","_share_on_mastodon":"0"},"categories":[5],"tags":[26,27,37,33,35,34,36,31,32,21,28,29,19,25,23,24,22,20,30],"class_list":["post-269721","post","type-post","status-publish","format-standard","has-post-thumbnail","category-uldised-uudised","tag-breaking-news","tag-breakingnews","tag-ee","tag-eesti","tag-eesti-keel","tag-estonia","tag-estonian","tag-featured-news","tag-featurednews","tag-headlines","tag-latest-news","tag-latestnews","tag-news","tag-populaarseimad-lood","tag-top-stories","tag-topstories","tag-uldised-uudised","tag-uudised","tag-viimased-uudised"],"share_on_mastodon":{"url":"https:\/\/pubeurope.com\/@ee\/117223843837281532","error":""},"_links":{"self":[{"href":"https:\/\/www.europesays.com\/ee\/wp-json\/wp\/v2\/posts\/269721","targetHints":{"allow":["GET"]}}],"collection":[{"href":"https:\/\/www.europesays.com\/ee\/wp-json\/wp\/v2\/posts"}],"about":[{"href":"https:\/\/www.europesays.com\/ee\/wp-json\/wp\/v2\/types\/post"}],"author":[{"embeddable":true,"href":"https:\/\/www.europesays.com\/ee\/wp-json\/wp\/v2\/users\/2"}],"replies":[{"embeddable":true,"href":"https:\/\/www.europesays.com\/ee\/wp-json\/wp\/v2\/comments?post=269721"}],"version-history":[{"count":0,"href":"https:\/\/www.europesays.com\/ee\/wp-json\/wp\/v2\/posts\/269721\/revisions"}],"wp:featuredmedia":[{"embeddable":true,"href":"https:\/\/www.europesays.com\/ee\/wp-json\/wp\/v2\/media\/269722"}],"wp:attachment":[{"href":"https:\/\/www.europesays.com\/ee\/wp-json\/wp\/v2\/media?parent=269721"}],"wp:term":[{"taxonomy":"category","embeddable":true,"href":"https:\/\/www.europesays.com\/ee\/wp-json\/wp\/v2\/categories?post=269721"},{"taxonomy":"post_tag","embeddable":true,"href":"https:\/\/www.europesays.com\/ee\/wp-json\/wp\/v2\/tags?post=269721"}],"curies":[{"name":"wp","href":"https:\/\/api.w.org\/{rel}","templated":true}]}}