{"id":269729,"date":"2026-09-06T11:33:27","date_gmt":"2026-09-06T11:33:27","guid":{"rendered":"https:\/\/www.europesays.com\/ee\/269729\/"},"modified":"2026-09-06T11:33:27","modified_gmt":"2026-09-06T11:33:27","slug":"kaitseliitlaste-lipp-sai-sajandivanuseks","status":"publish","type":"post","link":"https:\/\/www.europesays.com\/ee\/269729\/","title":{"rendered":"Kaitseliitlaste lipp sai sajandivanuseks"},"content":{"rendered":"<p>Viru maleva pealik kolonelleitnant Marek V\u00e4rk \u00fctles oma k\u00f5nes, et kui Viru malevale anti \u00fcle lipp, ei antud meile lihtsalt kangast ja tikandit, vaid kaitseliitlastele usaldati vabaduse, kohusetunde ja kodumaa armastuse n\u00e4htav m\u00e4rk. &#8220;T\u00e4nasel pidulikul p\u00e4eval vaatame tagasi neile p\u00f5lvkondadele, kes on seisnud selle lipu all enne meid. Me m\u00e4lestame neid, kes andsid k\u00f5ik ning t\u00e4name neid, kes taastasid maleva ja kandsid traditsioonid edasi uude sajandisse,&#8221; \u00fctles pealik.<\/p>\n","protected":false},"excerpt":{"rendered":"Viru maleva pealik kolonelleitnant Marek V\u00e4rk \u00fctles oma k\u00f5nes, et kui Viru malevale anti \u00fcle lipp, ei antud&hellip;\n","protected":false},"author":2,"featured_media":269730,"comment_status":"","ping_status":"","sticky":false,"template":"","format":"standard","meta":{"footnotes":"","_share_on_mastodon":"0"},"categories":[12],"tags":[26,27,37,33,5414,35,34,36,31,32,104284,21,8168,29102,104281,28,29,104279,104283,19,25,2972,104282,23,24,22,13603,20,30,104280,9029,104278],"class_list":["post-269729","post","type-post","status-publish","format-standard","has-post-thumbnail","category-eesti","tag-breaking-news","tag-breakingnews","tag-ee","tag-eesti","tag-eesti-kaitsevagi","tag-eesti-keel","tag-estonia","tag-estonian","tag-featured-news","tag-featurednews","tag-georg-vaher","tag-headlines","tag-kaitseliit","tag-kaitsetahe","tag-kaitsevaeline-tseremoonia","tag-latest-news","tag-latestnews","tag-lipu-juubel","tag-marek-vark","tag-news","tag-populaarseimad-lood","tag-rakvere","tag-sojatraditsioonid","tag-top-stories","tag-topstories","tag-uldised-uudised","tag-urmas-karileet","tag-uudised","tag-viimased-uudised","tag-viru-maakonnanoukogu","tag-viru-malev","tag-viru-maleva-lipp"],"share_on_mastodon":{"url":"https:\/\/pubeurope.com\/@ee\/117223883203906769","error":""},"_links":{"self":[{"href":"https:\/\/www.europesays.com\/ee\/wp-json\/wp\/v2\/posts\/269729","targetHints":{"allow":["GET"]}}],"collection":[{"href":"https:\/\/www.europesays.com\/ee\/wp-json\/wp\/v2\/posts"}],"about":[{"href":"https:\/\/www.europesays.com\/ee\/wp-json\/wp\/v2\/types\/post"}],"author":[{"embeddable":true,"href":"https:\/\/www.europesays.com\/ee\/wp-json\/wp\/v2\/users\/2"}],"replies":[{"embeddable":true,"href":"https:\/\/www.europesays.com\/ee\/wp-json\/wp\/v2\/comments?post=269729"}],"version-history":[{"count":0,"href":"https:\/\/www.europesays.com\/ee\/wp-json\/wp\/v2\/posts\/269729\/revisions"}],"wp:featuredmedia":[{"embeddable":true,"href":"https:\/\/www.europesays.com\/ee\/wp-json\/wp\/v2\/media\/269730"}],"wp:attachment":[{"href":"https:\/\/www.europesays.com\/ee\/wp-json\/wp\/v2\/media?parent=269729"}],"wp:term":[{"taxonomy":"category","embeddable":true,"href":"https:\/\/www.europesays.com\/ee\/wp-json\/wp\/v2\/categories?post=269729"},{"taxonomy":"post_tag","embeddable":true,"href":"https:\/\/www.europesays.com\/ee\/wp-json\/wp\/v2\/tags?post=269729"}],"curies":[{"name":"wp","href":"https:\/\/api.w.org\/{rel}","templated":true}]}}