{"id":269739,"date":"2026-09-06T11:46:10","date_gmt":"2026-09-06T11:46:10","guid":{"rendered":"https:\/\/www.europesays.com\/ee\/269739\/"},"modified":"2026-09-06T11:46:10","modified_gmt":"2026-09-06T11:46:10","slug":"fotod-donald-trump-juunior-asus-tallinnas-hotellist-liikvele-visiidi-detaile-varjatakse-endiselt","status":"publish","type":"post","link":"https:\/\/www.europesays.com\/ee\/269739\/","title":{"rendered":"FOTOD | Donald Trump juunior asus Tallinnas hotellist liikvele, visiidi detaile varjatakse endiselt"},"content":{"rendered":"<p>Praeguseks on teada, et Ameerika \u00dchendriikide \u00e4rimees \u00f6\u00f6bis peale Eestisse j\u00f5udmist Radisson Collection hotellis. Keskp\u00e4eva paiku asus ta sealt liikvele, ent silmn\u00e4htavalt peljati meedia t\u00e4helepanu.<\/p>\n<p>Kohapeal olnud Delfi piltnik kirjeldas, et Trump juunior toimetati hotellist v\u00e4lja tagauksest ning algusest l\u00f5puni oli n\u00e4iliselt kaitse tugev. \u00c4rimeest varjati ning kaeti nii turvameeste kui ka autodega, et teda n\u00e4ha poleks. Peale hotellist lahkumist suundus Trump jr. Tartu maanteele.<\/p>\n<p>Siiani pole teada, miks Donald Trump juunior Eestit v\u00e4isab ning kas tegu on era- v\u00f5i \u00e4rivisiidiga. Ameerika \u00dchendriikide saatkonna pressiesindaja m\u00e4rkis Delfile, et saatkond visiiti ei kommenteeri ja kommentaare jagab vaid Valge Maja.<\/p>\n<p>Ameerika \u00dchendriikides on praegu aga alles varahommik, mist\u00f5ttu Valge Maja pressiosakond Delfi k\u00f5ne ei v\u00f5tnud.<\/p>\n<p>USA \u00e4rimees maandus Eestis varahommikul kella 5 paiku. Ta tuli siia Katari eralennundusettev\u00f5tte Qatar Executive lennukiga, mis startis Mongooliast.<\/p>\n<p><a href=\"http:\/\/www.delfi.ee\/artikkel\/120608630\/fotod-donald-trumpi-poeg-maandus-tallinnas#dalrel-in-article\" class=\"content-embedded-articles-single__embedded-article\" data-v-6f4d311d=\"\" rel=\"nofollow noopener\" target=\"_blank\"><\/p>\n<p>06.09.2026<\/p>\n<p>FOTOD | Donald Trumpi poeg maandus Tallinnas(304)<\/p>\n<p><\/a><\/p>\n<p>Donald Trump jr. on Ameerika \u00e4rimees ja poliitaktivist, kes s\u00fcndis 31. detsembril 1977 ja on Ameerika \u00dchendriikide presidendi vanim poeg. Tema ema on Ivana Trump, kes suri 2022. aastal.<\/p>\n<p>Ta juhib aktiivselt Trump Organizationi kinnisvaraportfelli, mis haldab USA presidendi varasid. Ta on kaasatud ettev\u00f5tte arendamise k\u00f5ikidesse aspektidesse, alates tehingute hindamisest, anal\u00fc\u00fcsist ja arenduseelsest planeerimisest kuni ehituse, br\u00e4ndingu, turunduse, m\u00fc\u00fcgi ja rentimiseni.<\/p>\n<p><a href=\"https:\/\/kroonika.delfi.ee\/artikkel\/120608569\/ulevaade-mitu-abielu-arikrahh-ja-jaagitu-viha-transsooliste-vastu-loe-kes-on-eestit-vaisav-donald-trump-jr#dalrel-in-article\" class=\"content-embedded-articles-single__embedded-article\" data-v-6f4d311d=\"\" rel=\"nofollow noopener\" target=\"_blank\"><\/p>\n<p>05.09.2026<\/p>\n<p>\u00dcLEVAADE | Mitu abielu, \u00e4rikrahh ja j\u00e4\u00e4gitu viha transsooliste vastu. Loe, kes on Eestit v\u00e4isav Donald Trump jr(262)<\/p>\n<p><\/a>Kuidas see lugu Sind end tundma pani?Saada<a href=\"https:\/\/www.delfi.ee\/artikkel\/120608689\/fotod-donald-trump-juunior-asus-tallinnas-hotellist-liikvele-visiidi-detaile-varjatakse-endiselt\/kommentaarid\" class=\"button button--primary button--size-auto article-body-bottom__comment article-body-bottom__comment--write\" style=\"\" rel=\"nofollow noopener\" target=\"_blank\">Kommenteeri<\/a><a href=\"https:\/\/www.delfi.ee\/artikkel\/120608689\/fotod-donald-trump-juunior-asus-tallinnas-hotellist-liikvele-visiidi-detaile-varjatakse-endiselt\/kommentaarid\" class=\"button button--size-auto article-body-bottom__comment article-body-bottom__comment--read\" style=\"\" rel=\"nofollow noopener\" target=\"_blank\">Loe kommentaare (108)<\/a><\/p>\n","protected":false},"excerpt":{"rendered":"Praeguseks on teada, et Ameerika \u00dchendriikide \u00e4rimees \u00f6\u00f6bis peale Eestisse j\u00f5udmist Radisson Collection hotellis. Keskp\u00e4eva paiku asus ta&hellip;\n","protected":false},"author":2,"featured_media":269740,"comment_status":"","ping_status":"","sticky":false,"template":"","format":"standard","meta":{"footnotes":"","_share_on_mastodon":"0"},"categories":[5],"tags":[687,679,667,26,27,673,688,663,662,37,33,35,684,683,692,34,36,31,32,208,148,21,206,668,669,381,686,677,694,691,339,680,28,29,671,672,377,690,144,678,665,19,693,676,666,25,322,664,150,695,685,159,394,682,674,675,23,24,689,222,22,20,670,681,149,30],"class_list":["post-269739","post","type-post","status-publish","format-standard","has-post-thumbnail","category-uldised-uudised","tag-ajaviide","tag-autoleht","tag-blog","tag-breaking-news","tag-breakingnews","tag-cv","tag-date","tag-defli","tag-delfi","tag-ee","tag-eesti","tag-eesti-keel","tag-ekaart","tag-email","tag-erootika","tag-estonia","tag-estonian","tag-featured-news","tag-featurednews","tag-film","tag-foto","tag-headlines","tag-horoskoop","tag-ilm","tag-ilmaennustus","tag-internet","tag-kaart","tag-kava","tag-kindlustus","tag-kinnisvara","tag-kuulutused","tag-lasteleht","tag-latest-news","tag-latestnews","tag-loto","tag-majandus","tag-mangud","tag-mobiil","tag-muusika","tag-naisteleht","tag-naljad","tag-news","tag-otsing","tag-pank","tag-pilt","tag-populaarseimad-lood","tag-raadio","tag-reklaam","tag-seks","tag-sms","tag-solo","tag-sport","tag-tarkvara","tag-tasuta","tag-too","tag-toopakkumised","tag-top-stories","tag-topstories","tag-tutvus","tag-tv","tag-uldised-uudised","tag-uudised","tag-valimised","tag-valuuta","tag-video","tag-viimased-uudised"],"share_on_mastodon":{"url":"","error":"Validation failed: Text character limit of 500 exceeded"},"_links":{"self":[{"href":"https:\/\/www.europesays.com\/ee\/wp-json\/wp\/v2\/posts\/269739","targetHints":{"allow":["GET"]}}],"collection":[{"href":"https:\/\/www.europesays.com\/ee\/wp-json\/wp\/v2\/posts"}],"about":[{"href":"https:\/\/www.europesays.com\/ee\/wp-json\/wp\/v2\/types\/post"}],"author":[{"embeddable":true,"href":"https:\/\/www.europesays.com\/ee\/wp-json\/wp\/v2\/users\/2"}],"replies":[{"embeddable":true,"href":"https:\/\/www.europesays.com\/ee\/wp-json\/wp\/v2\/comments?post=269739"}],"version-history":[{"count":0,"href":"https:\/\/www.europesays.com\/ee\/wp-json\/wp\/v2\/posts\/269739\/revisions"}],"wp:featuredmedia":[{"embeddable":true,"href":"https:\/\/www.europesays.com\/ee\/wp-json\/wp\/v2\/media\/269740"}],"wp:attachment":[{"href":"https:\/\/www.europesays.com\/ee\/wp-json\/wp\/v2\/media?parent=269739"}],"wp:term":[{"taxonomy":"category","embeddable":true,"href":"https:\/\/www.europesays.com\/ee\/wp-json\/wp\/v2\/categories?post=269739"},{"taxonomy":"post_tag","embeddable":true,"href":"https:\/\/www.europesays.com\/ee\/wp-json\/wp\/v2\/tags?post=269739"}],"curies":[{"name":"wp","href":"https:\/\/api.w.org\/{rel}","templated":true}]}}