{"id":269747,"date":"2026-09-06T11:56:10","date_gmt":"2026-09-06T11:56:10","guid":{"rendered":"https:\/\/www.europesays.com\/ee\/269747\/"},"modified":"2026-09-06T11:56:10","modified_gmt":"2026-09-06T11:56:10","slug":"anvar-salomets-%e2%9f%a9-rail-balticu-ehitus-annab-eestile-veel-uhe-suure-voimaluse","status":"publish","type":"post","link":"https:\/\/www.europesays.com\/ee\/269747\/","title":{"rendered":"ANVAR SALOMETS \u27e9 Rail Balticu ehitus annab Eestile veel \u00fche suure v\u00f5imaluse"},"content":{"rendered":"<p>                                        <img decoding=\"async\" src=\"https:\/\/news.inbox.eu\/w\/img\/8c\/e6\/8ce6e858a345f4664f-800x0.jpg\" onerror=\"this.src=\" https:=\"\" onload=\"if(this.width &lt;= 1){this.src=\"\/><\/p>\n<p>Rail Baltica ehitus k\u00e4ib t\u00e4naseks pea 120 kilomeetril Tallinna ja P\u00e4rnu vahel ning lepingud on s\u00f5lmitud kogu Eesti raudteeosa rajamiseks. Ehitusega seonduvalt t\u00f6\u00f6tab siin mitu tuhat eestimaist ja rahvusvahelist eksperti, spetsialisti ning t\u00f6\u00f6meest. Raudtee saab lubatud ajaks valmis, aga mis p\u00e4rast seda saab ning kas suudame omandatud kogemuse ka pikaajaliselt v\u00e4\u00e4rindada, k\u00fcsiba Rail Baltic Estonia juht Anvar Salomets.<\/p>\n","protected":false},"excerpt":{"rendered":"Rail Baltica ehitus k\u00e4ib t\u00e4naseks pea 120 kilomeetril Tallinna ja P\u00e4rnu vahel ning lepingud on s\u00f5lmitud kogu Eesti&hellip;\n","protected":false},"author":2,"featured_media":269748,"comment_status":"","ping_status":"","sticky":false,"template":"","format":"standard","meta":{"footnotes":"","_share_on_mastodon":"0"},"categories":[12],"tags":[26,27,37,33,35,34,36,31,32,21,28,29,19,25,23,24,22,20,30],"class_list":["post-269747","post","type-post","status-publish","format-standard","has-post-thumbnail","category-eesti","tag-breaking-news","tag-breakingnews","tag-ee","tag-eesti","tag-eesti-keel","tag-estonia","tag-estonian","tag-featured-news","tag-featurednews","tag-headlines","tag-latest-news","tag-latestnews","tag-news","tag-populaarseimad-lood","tag-top-stories","tag-topstories","tag-uldised-uudised","tag-uudised","tag-viimased-uudised"],"share_on_mastodon":{"url":"https:\/\/pubeurope.com\/@ee\/117223973689998890","error":""},"_links":{"self":[{"href":"https:\/\/www.europesays.com\/ee\/wp-json\/wp\/v2\/posts\/269747","targetHints":{"allow":["GET"]}}],"collection":[{"href":"https:\/\/www.europesays.com\/ee\/wp-json\/wp\/v2\/posts"}],"about":[{"href":"https:\/\/www.europesays.com\/ee\/wp-json\/wp\/v2\/types\/post"}],"author":[{"embeddable":true,"href":"https:\/\/www.europesays.com\/ee\/wp-json\/wp\/v2\/users\/2"}],"replies":[{"embeddable":true,"href":"https:\/\/www.europesays.com\/ee\/wp-json\/wp\/v2\/comments?post=269747"}],"version-history":[{"count":0,"href":"https:\/\/www.europesays.com\/ee\/wp-json\/wp\/v2\/posts\/269747\/revisions"}],"wp:featuredmedia":[{"embeddable":true,"href":"https:\/\/www.europesays.com\/ee\/wp-json\/wp\/v2\/media\/269748"}],"wp:attachment":[{"href":"https:\/\/www.europesays.com\/ee\/wp-json\/wp\/v2\/media?parent=269747"}],"wp:term":[{"taxonomy":"category","embeddable":true,"href":"https:\/\/www.europesays.com\/ee\/wp-json\/wp\/v2\/categories?post=269747"},{"taxonomy":"post_tag","embeddable":true,"href":"https:\/\/www.europesays.com\/ee\/wp-json\/wp\/v2\/tags?post=269747"}],"curies":[{"name":"wp","href":"https:\/\/api.w.org\/{rel}","templated":true}]}}