{"id":269749,"date":"2026-09-06T11:57:31","date_gmt":"2026-09-06T11:57:31","guid":{"rendered":"https:\/\/www.europesays.com\/ee\/269749\/"},"modified":"2026-09-06T11:57:31","modified_gmt":"2026-09-06T11:57:31","slug":"kas-vanaisa-sai-uue-paruka-trump-varvis-oma-kuulsa-laka-tumedaks-ja-tekitas-furoori","status":"publish","type":"post","link":"https:\/\/www.europesays.com\/ee\/269749\/","title":{"rendered":"\u201eKas vanaisa sai uue paruka?\u201c Trump v\u00e4rvis oma kuulsa laka tumedaks ja tekitas furoori"},"content":{"rendered":"<p>Fotod tehti 4. septembril, kui 80-aastane USA president saabus Air Force One\u2019iga New Jersey osariiki Morristowni ja suundus n\u00e4dalavahetuseks Bedminsterisse. Fotodelt paistab v\u00e4lja tema tavap\u00e4rasest tumedam, peaaegu pruunikas juuksev\u00e4rv.<\/p>\n<p>\u201eThe Daily Beast\u201c m\u00e4rkis, et isegi tema harjumusp\u00e4rane k\u00fcljejaotus n\u00e4is olevat teisele poole p\u00f6\u00f6ratud. Vaid m\u00f5ni n\u00e4dal varem oli Trump avalikkuse ette ilmunud hoopis erakordselt koheva hallikasblondi v\u00f5i kuldblondi lakaga. K\u00f5igest kaks p\u00e4eva varem, 2. septembril, oli Trump Valge Maja roosiaias ise oma juustest pikalt r\u00e4\u00e4kinud ning kinnitanud, et ei kanna parukat, mille kohta on pidevalt k\u00e4imas spekulatsioonid. T\u00f5estuseks meenutas ta 2024. aasta m\u00e4rtsis Ohios toimunud erakordselt tuulist valimis\u00fcritust: kui tal olnuks parukas, v\u00e4itis Trump, oleks see minema lennanud. \u201eThe Independent\u201c m\u00e4rkis aga v\u00e4ikest probleemi presidendi t\u00f5estusk\u00e4iguga \u2013 toonastelt fotodelt on n\u00e4ha, et Trump kandis k\u00f5ne ajal punast MAGA nokkm\u00fctsi.<\/p>\n<p>Uued fotod vallandasid X-is kiiresti naljahoo. \u00dcks kasutaja imestas, kas \u201evanaisa sai uue paruka\u201c. Kirjanik Anne Lamott kiitis uut stiili ilmselge sarkasmiga kui v\u00e4ga nooruslikku ja v\u00f5rdles presidenti Pierce Brosnaniga.<\/p>\n<p>Donald Trump uue soenguga Valge Maja ovaalkabinetis<\/p>\n<p>Foto: MPI\/Capital Pictures \/ Scanpix<\/p>\n<p>Indian Express koondas veel v\u00f5rdlusi n\u00e4itleja Robert Redfordi ja poliitik Rudolph Giulianiga. Sotsiaalmeedias leidus muidugi ka Trumpi toetajaid. Kui tema juuksed augustis ootamatult palju tihedamad v\u00e4lja n\u00e4gid, kuulutas Trumpi-meelne MAGA Voices, et president \u201evananeb tagurpidi\u201c ja tema juuksed n\u00e4evad suurep\u00e4rased v\u00e4lja.<\/p>\n<p>Septembrikuine muutus pole sel aastal sugugi esimene. 5. augustil Las Vegases, kus Trump ilmus Red Rock Casino Resortis lavale \u00fcht\u00e4kki m\u00e4rksa tihedamate ja kuldsemate juustega kui veel eelmisel \u00f5htul televisioonis.<\/p>\n<p>J\u00e4rgmisel p\u00e4eval n\u00e4is soeng olevat taas tavap\u00e4rane, kuid 7. augustil oli kohev juuksepahmakas tagasi. \u201eThe Independent\u201c ajakirjanik Aaron Rupar naljatas siis: \u201eIme! Trumpil on t\u00e4na j\u00e4lle pea juukseid t\u00e4is.\u201c N\u00fc\u00fcd on aga Trumpi \u201ekuldne pilv\u201c m\u00e4rksa tumedam. Kuidas sobib?<\/p>\n","protected":false},"excerpt":{"rendered":"Fotod tehti 4. septembril, kui 80-aastane USA president saabus Air Force One\u2019iga New Jersey osariiki Morristowni ja suundus&hellip;\n","protected":false},"author":2,"featured_media":269750,"comment_status":"","ping_status":"","sticky":false,"template":"","format":"standard","meta":{"footnotes":"","_share_on_mastodon":"0"},"categories":[5],"tags":[26,27,37,33,35,34,36,31,32,21,28,29,19,25,23,24,22,20,30],"class_list":["post-269749","post","type-post","status-publish","format-standard","has-post-thumbnail","category-uldised-uudised","tag-breaking-news","tag-breakingnews","tag-ee","tag-eesti","tag-eesti-keel","tag-estonia","tag-estonian","tag-featured-news","tag-featurednews","tag-headlines","tag-latest-news","tag-latestnews","tag-news","tag-populaarseimad-lood","tag-top-stories","tag-topstories","tag-uldised-uudised","tag-uudised","tag-viimased-uudised"],"share_on_mastodon":{"url":"https:\/\/pubeurope.com\/@ee\/117223977390777779","error":""},"_links":{"self":[{"href":"https:\/\/www.europesays.com\/ee\/wp-json\/wp\/v2\/posts\/269749","targetHints":{"allow":["GET"]}}],"collection":[{"href":"https:\/\/www.europesays.com\/ee\/wp-json\/wp\/v2\/posts"}],"about":[{"href":"https:\/\/www.europesays.com\/ee\/wp-json\/wp\/v2\/types\/post"}],"author":[{"embeddable":true,"href":"https:\/\/www.europesays.com\/ee\/wp-json\/wp\/v2\/users\/2"}],"replies":[{"embeddable":true,"href":"https:\/\/www.europesays.com\/ee\/wp-json\/wp\/v2\/comments?post=269749"}],"version-history":[{"count":0,"href":"https:\/\/www.europesays.com\/ee\/wp-json\/wp\/v2\/posts\/269749\/revisions"}],"wp:featuredmedia":[{"embeddable":true,"href":"https:\/\/www.europesays.com\/ee\/wp-json\/wp\/v2\/media\/269750"}],"wp:attachment":[{"href":"https:\/\/www.europesays.com\/ee\/wp-json\/wp\/v2\/media?parent=269749"}],"wp:term":[{"taxonomy":"category","embeddable":true,"href":"https:\/\/www.europesays.com\/ee\/wp-json\/wp\/v2\/categories?post=269749"},{"taxonomy":"post_tag","embeddable":true,"href":"https:\/\/www.europesays.com\/ee\/wp-json\/wp\/v2\/tags?post=269749"}],"curies":[{"name":"wp","href":"https:\/\/api.w.org\/{rel}","templated":true}]}}