{"id":269757,"date":"2026-09-06T12:06:16","date_gmt":"2026-09-06T12:06:16","guid":{"rendered":"https:\/\/www.europesays.com\/ee\/269757\/"},"modified":"2026-09-06T12:06:16","modified_gmt":"2026-09-06T12:06:16","slug":"leipzigi-juhtumi-jarel-%e2%9f%a9-berliin-valmistab-ette-ulatuslikku-vene-sabotaazi-vastast-plaani","status":"publish","type":"post","link":"https:\/\/www.europesays.com\/ee\/269757\/","title":{"rendered":"LEIPZIGI JUHTUMI J\u00c4REL \u27e9 Berliin valmistab ette ulatuslikku Vene sabotaa\u017ei vastast plaani"},"content":{"rendered":"<p>Saksamaa siseministeeriumist ajalehele <a target=\"_blank\" rel=\"noopener noreferrer nofollow\" href=\"https:\/\/www.bild.de\/politik\/inland\/schutz-vor-sabotage-wie-deutschland-putins-drohnen-stoppt-6a9be65cfd8102779ee49dbd\">Bild am Sonntag<\/a> laekunud info kohaselt k\u00e4tkeb uus plaan mitut eri valdkonda. N\u00e4iteks tahetakse f\u00f6deraalpolitsei ridadesse luua mobiilsed droonikaitse\u00fcksused, mis peaksid asuma strateegiliselt olulistes linnades nagu Frankfurt, M\u00fcnchen, Hamburg, Berliin, Stuttgart, D\u00fcsseldorf, Leipzig, Hannover ja K\u00f6ln, et kaitsta kriitilise t\u00e4htsusega keskuste, lennujaamade, rongijaamade ja valitsusasutuste kohal asuvat \u00f5huruumi droonide ja l\u00f5hkeseadeldiste eest.<\/p>\n","protected":false},"excerpt":{"rendered":"Saksamaa siseministeeriumist ajalehele Bild am Sonntag laekunud info kohaselt k\u00e4tkeb uus plaan mitut eri valdkonda. N\u00e4iteks tahetakse f\u00f6deraalpolitsei&hellip;\n","protected":false},"author":2,"featured_media":269758,"comment_status":"","ping_status":"","sticky":false,"template":"","format":"standard","meta":{"footnotes":"","_share_on_mastodon":"0"},"categories":[80],"tags":[613,26,27,37,33,35,34,36,31,32,21,28,29,1160,97160,95,19,25,4344,23,24,22,20,30,92,93,94],"class_list":["post-269757","post","type-post","status-publish","format-standard","has-post-thumbnail","category-maailm","tag-berliin","tag-breaking-news","tag-breakingnews","tag-ee","tag-eesti","tag-eesti-keel","tag-estonia","tag-estonian","tag-featured-news","tag-featurednews","tag-headlines","tag-latest-news","tag-latestnews","tag-leipzig","tag-leipzig-halle-lennujaam","tag-maailm","tag-news","tag-populaarseimad-lood","tag-sabotaaz","tag-top-stories","tag-topstories","tag-uldised-uudised","tag-uudised","tag-viimased-uudised","tag-world","tag-world-news","tag-worldnews"],"share_on_mastodon":{"url":"https:\/\/pubeurope.com\/@ee\/117224012779963340","error":""},"_links":{"self":[{"href":"https:\/\/www.europesays.com\/ee\/wp-json\/wp\/v2\/posts\/269757","targetHints":{"allow":["GET"]}}],"collection":[{"href":"https:\/\/www.europesays.com\/ee\/wp-json\/wp\/v2\/posts"}],"about":[{"href":"https:\/\/www.europesays.com\/ee\/wp-json\/wp\/v2\/types\/post"}],"author":[{"embeddable":true,"href":"https:\/\/www.europesays.com\/ee\/wp-json\/wp\/v2\/users\/2"}],"replies":[{"embeddable":true,"href":"https:\/\/www.europesays.com\/ee\/wp-json\/wp\/v2\/comments?post=269757"}],"version-history":[{"count":0,"href":"https:\/\/www.europesays.com\/ee\/wp-json\/wp\/v2\/posts\/269757\/revisions"}],"wp:featuredmedia":[{"embeddable":true,"href":"https:\/\/www.europesays.com\/ee\/wp-json\/wp\/v2\/media\/269758"}],"wp:attachment":[{"href":"https:\/\/www.europesays.com\/ee\/wp-json\/wp\/v2\/media?parent=269757"}],"wp:term":[{"taxonomy":"category","embeddable":true,"href":"https:\/\/www.europesays.com\/ee\/wp-json\/wp\/v2\/categories?post=269757"},{"taxonomy":"post_tag","embeddable":true,"href":"https:\/\/www.europesays.com\/ee\/wp-json\/wp\/v2\/tags?post=269757"}],"curies":[{"name":"wp","href":"https:\/\/api.w.org\/{rel}","templated":true}]}}