{"id":269761,"date":"2026-09-06T12:08:29","date_gmt":"2026-09-06T12:08:29","guid":{"rendered":"https:\/\/www.europesays.com\/ee\/269761\/"},"modified":"2026-09-06T12:08:29","modified_gmt":"2026-09-06T12:08:29","slug":"roberts-rasums-euroopa-sojamasin-hakkas-liikuma-venemaal-pole-ka-usa-althuppamise-korral-peagi-meie-vastu-sanssigi-delfi","status":"publish","type":"post","link":"https:\/\/www.europesays.com\/ee\/269761\/","title":{"rendered":"Roberts Rasums: Euroopa s\u00f5jamasin hakkas liikuma. Venemaal pole ka USA alth\u00fcppamise korral peagi meie vastu \u0161anssigi &#8211; Delfi"},"content":{"rendered":"<ol>\n<li><a href=\"https:\/\/news.google.com\/rss\/articles\/CBMi8AFBVV95cUxQWndVNzFSa09zNDlPUTVyYnlrRktCeTFNNFJjUzB6emxsWFJmUkxtS000NVFoN3hRcHZKallxWDdOQ3lHNWFFYW5XbjJveWpGQzFyYU5paW9lQ2JYb1NNbEd5OWhvTHhOX2FoU3RpazY0bldLZ2pzRU5YemdjUUpFdjk4eDhfVFRpa0hqQnctZmlzb2tJdUdoVEItUDlaSk93YXRMOXdGbWNBR3RnOWxoczNqWDhqWGdZYmlWX09aQnhaalN3YmJCVlRfaDlWZDRTbWQ2OVRnUnFOeml3MndpMUZjbzI1UlNIb21PeUtobHQ?oc=5\" target=\"_blank\" rel=\"nofollow noopener\">Roberts Rasums: Euroopa s\u00f5jamasin hakkas liikuma. Venemaal pole ka USA alth\u00fcppamise korral peagi meie vastu \u0161anssigi<\/a>&nbsp;&nbsp;Delfi<\/li>\n<li><a href=\"https:\/\/news.google.com\/rss\/articles\/CBMihAFBVV95cUxOMWY3TmNyU3htb1JHUGhDNGRHWFkwTHhxRXdUbVR0c2l0MTZObUdvZ0ZZb0UwSWZiNThrOFplbmp1Ml9rcHZweFoxZkQ5QzYxa2R4Nk42WDVnSDVGdElGQjVmM3Y1ZG4yMktDNDdSUGgtN0duR3VRc3Z0ZHNraWFxZzNJT1M?oc=5\" target=\"_blank\" rel=\"nofollow noopener\">NATO telgitagused: v\u00f5itlus Putini peatamiseks<\/a>&nbsp;&nbsp;Jupiter | ERR<\/li>\n<li><a href=\"https:\/\/news.google.com\/rss\/articles\/CBMiwAFBVV95cUxOUndjUjdqa0JsSWNRbWR6WHphVU5RN2lDSzhONlVEUC1uUXdIaS1iYm96Z2dXSGtpYmNmQ3JmeUt0eFZzMV90RFhuZGlhQjdGWFo2UjcyMVVMVFhhMVBNNnFya1NfZDZ4bmZEQzNZLXVIZmpuODJ1b0J6VkNyalZXT2JJZHBQdjVubGZUazl1NTd1LVF2R0NuZlBqUDhTZ2ZldzVDaUxvVENqY2todGRuZ201Z0RkVVBZa2ZrbkhScEo?oc=5\" target=\"_blank\" rel=\"nofollow noopener\">NATO valmistub juba suureks s\u00f5jaks Venemaaga &#8211; Balti riikidesse ja Soome tuuakse s\u00f5dureid juurde<\/a>&nbsp;&nbsp;eestinen<\/li>\n<li><a href=\"https:\/\/news.google.com\/rss\/articles\/CBMihAFBVV95cUxQbGc0WEZaYmt4YjlDNHpZcFRkSENlU3dzV2RVQ2dLSEhvZXk0ZVM1Sl9wQ1A4MnNkNENIY2JaSlhKZWQxbHFRM0J6eHVvZGlDamtrYUpKRnpMZmdEODZXRFo2aVYxYXE3OGFBT1FRVVlfUm10Nm8tS0l1V25DWDFRcHVzRXE?oc=5\" target=\"_blank\" rel=\"nofollow noopener\">NATO telgitagused: v\u00f5itlus Putini peatamiseks, Hooaeg: 1, Episood: 2<\/a>&nbsp;&nbsp;Jupiter | ERR<\/li>\n<\/ol>\n","protected":false},"excerpt":{"rendered":"Roberts Rasums: Euroopa s\u00f5jamasin hakkas liikuma. Venemaal pole ka USA alth\u00fcppamise korral peagi meie vastu \u0161anssigi&nbsp;&nbsp;Delfi NATO telgitagused:&hellip;\n","protected":false},"author":2,"featured_media":269762,"comment_status":"","ping_status":"","sticky":false,"template":"","format":"standard","meta":{"footnotes":"","_share_on_mastodon":"0"},"categories":[5],"tags":[2332,26,27,37,33,35,34,36,31,32,21,6446,28,29,54,19,25,107,23,24,22,20,30],"class_list":["post-269761","post","type-post","status-publish","format-standard","has-post-thumbnail","category-uldised-uudised","tag-balti-riigid","tag-breaking-news","tag-breakingnews","tag-ee","tag-eesti","tag-eesti-keel","tag-estonia","tag-estonian","tag-featured-news","tag-featurednews","tag-headlines","tag-kaitsekulutused","tag-latest-news","tag-latestnews","tag-nato","tag-news","tag-populaarseimad-lood","tag-soda-ukrainas","tag-top-stories","tag-topstories","tag-uldised-uudised","tag-uudised","tag-viimased-uudised"],"share_on_mastodon":{"url":"https:\/\/pubeurope.com\/@ee\/117224020564436748","error":""},"_links":{"self":[{"href":"https:\/\/www.europesays.com\/ee\/wp-json\/wp\/v2\/posts\/269761","targetHints":{"allow":["GET"]}}],"collection":[{"href":"https:\/\/www.europesays.com\/ee\/wp-json\/wp\/v2\/posts"}],"about":[{"href":"https:\/\/www.europesays.com\/ee\/wp-json\/wp\/v2\/types\/post"}],"author":[{"embeddable":true,"href":"https:\/\/www.europesays.com\/ee\/wp-json\/wp\/v2\/users\/2"}],"replies":[{"embeddable":true,"href":"https:\/\/www.europesays.com\/ee\/wp-json\/wp\/v2\/comments?post=269761"}],"version-history":[{"count":0,"href":"https:\/\/www.europesays.com\/ee\/wp-json\/wp\/v2\/posts\/269761\/revisions"}],"wp:featuredmedia":[{"embeddable":true,"href":"https:\/\/www.europesays.com\/ee\/wp-json\/wp\/v2\/media\/269762"}],"wp:attachment":[{"href":"https:\/\/www.europesays.com\/ee\/wp-json\/wp\/v2\/media?parent=269761"}],"wp:term":[{"taxonomy":"category","embeddable":true,"href":"https:\/\/www.europesays.com\/ee\/wp-json\/wp\/v2\/categories?post=269761"},{"taxonomy":"post_tag","embeddable":true,"href":"https:\/\/www.europesays.com\/ee\/wp-json\/wp\/v2\/tags?post=269761"}],"curies":[{"name":"wp","href":"https:\/\/api.w.org\/{rel}","templated":true}]}}