{"id":269771,"date":"2026-09-06T12:29:39","date_gmt":"2026-09-06T12:29:39","guid":{"rendered":"https:\/\/www.europesays.com\/ee\/269771\/"},"modified":"2026-09-06T12:29:39","modified_gmt":"2026-09-06T12:29:39","slug":"latis-elektrita-277-000-majapidamist-leedus-orkaanituul-kas-sellised-tormid-jouavad-ka-eestisse","status":"publish","type":"post","link":"https:\/\/www.europesays.com\/ee\/269771\/","title":{"rendered":"L\u00e4tis elektrita 277 000 majapidamist, Leedus orkaanituul. Kas sellised tormid j\u00f5uavad ka Eestisse?"},"content":{"rendered":"<p class=\"isSelectedEnd\">Riias Daugavgr\u012bvas ulatusid tuuleiilid 31 meetrini sekundis, mujal L\u00e4tis m\u00f5\u00f5deti mitmel pool 26-27 m\/s puhanguid. Tuulele lisandus erakordselt tugev vihm. Kolkas m\u00f5\u00f5deti \u00f6\u00f6p\u00e4evaseks sajuhulgaks koguni 124 millimeetrit.<\/p>\n<p class=\"isSelectedEnd\">Tipphetkel oli L\u00e4tis elektrita umbes 277 000 majapidamist, teedele ja elektriliinidele langes hulgaliselt puid ning h\u00e4iritud olid rongi- ja \u00fchistransport, mobiilside ja mitmel pool ka veevarustus. Riias murdus v\u00f5i paiskus \u00fcmber v\u00e4hemalt 250 puud.<\/p>\n<p class=\"isSelectedEnd\">Jelgavas hukkus hoone osa varisemisel inimene ning v\u00e4hemalt 14 inimest vajas arstiabi. P\u00e4\u00e4stjad said \u00fcle 3000 tormiga seotud v\u00e4ljakutse.<\/p>\n<p class=\"isSelectedEnd\">Kahjud ulatusid miljonitesse eurodesse. Augusti l\u00f5puks olid L\u00e4ti kindlustusfirmad saanud \u00fcle 4800 kahjuteate ning v\u00f5imalike h\u00fcvitiste katteks oli reserveeritud enam kui kaheksa miljonit eurot.<\/p>\n<p>Leedus tuli 12 tunniga maha \u00fcle 80 millimeetri vihma<\/p>\n<p class=\"isSelectedEnd\">Veel rajum oli tuul Leedus. Vent\u0117 ilmajaamas registreeriti 33,1 m\/s ulatunud tuuleiil. Leedu meteoroloogiateenistuse andmetel registreeriti ohtliku tugevusega tuult k\u00f5igis riigi ilmajaamades. Nende v\u00e4hemalt 1970. aastani ulatuvas vaatlusreas pole varem olnud suvist tormi, mille ajal nii tugev tuul oleks haaranud kogu riigi.<\/p>\n<p class=\"isSelectedEnd\">Tormiga kaasnes ka erakordselt intensiivne vihm. \u0160ilut\u0117s sadas vaid 12 tunniga 82,5 millimeetrit. Veel 14 m\u00f5\u00f5tepunktis tuli sama aja v\u00f5i veel l\u00fchema perioodiga maha v\u00e4hemalt 50 millimeetrit vihma.<\/p>\n<p class=\"isSelectedEnd\">Elektrita j\u00e4i \u00fcle 268 000 tarbija. Langeva puu t\u00f5ttu hukkus \u00fcks inimene ja oli ka vigastatuid.<\/p>\n<p class=\"isSelectedEnd\">Tugevalt said kannatada Leedu metsad. Esialgse hinnangu j\u00e4rgi kahjustas torm riigimetsades umbes 150 000 tihumeetrit puitu. T\u00e4ielikult kahjustatud metsaalasid oli umbes 80 hektarit. Bir\u017eai ja Tel\u0161iai rajoonis kuulutati tormikahjude t\u00f5ttu v\u00e4lja eriolukord.<\/p>\n<p class=\"isSelectedEnd\">Ainu\u00fcksi kindlustusfirma BTA oli augusti l\u00f5puks saanud Leedus 769 kahjuteadet ja reserveerinud nende h\u00fcvitamiseks 3,6 miljonit eurot.<\/p>\n<p>Majalt lendas katus, korraga langes 50 puud<\/p>\n<p class=\"isSelectedEnd\">Augusti l\u00f5pu torm polnud Leedus suve ainus r\u00e4nk ilmajuhtum. Juba 1.-2. augustil r\u00e4sis torm eriti Vilniuse \u00fcmbrust. Avi\u017eieniais rebis tuul elumajalt katuse nii p\u00f5hjalikult, et kahjustatud ruumidest avanes vaade otse taevasse. Puud langesid teedele, elektriliinidele ja hoonetele.<\/p>\n<p class=\"isSelectedEnd\">Vaid m\u00f5ni p\u00e4ev hiljem, 6.-7. augustil, t\u00f5i j\u00e4rgmine \u00e4ikesetorm L\u00f5una-Leetu paduvihma ja rahet.<\/p>\n<p class=\"isSelectedEnd\">Var\u0117na piirkonnas pidid p\u00e4\u00e4stjad \u00fcheainsa v\u00e4ljakutse k\u00e4igus eemaldama koguni 50 langenud puud. Lazdijai kandis oli \u00fches paigas neid 25. Puud kukkusid autodele, majadele ja elektriliinidele.<\/p>\n<p class=\"isSelectedEnd\">Ka L\u00e4tis oli enne augusti suurt tormi j\u00f5udnud ilm kahju teha. 12. juulil tabas tugev \u00e4ikesetorm Latgalet ja eriti R\u0113zekne piirkonda. R\u0101znas priedese seikluspargi omaniku hinnangul h\u00e4vis umbes 70 protsenti pargi territooriumist. K\u00fcmned m\u00e4nnid murdusid v\u00f5i paiskusid koos juurtega \u00fcmber ning koos nendega h\u00e4visid k\u00f6ierajad ja muud atraktsioonid.<\/p>\n<p>Ka Eesti ei j\u00e4\u00e4 ilma<\/p>\n<p class=\"isSelectedEnd\">Kas l\u00f5unanaabrite t\u00e4navused juhtumid t\u00e4hendavad, et ka Eestis peaksime j\u00e4rjest tugevamate tormidega arvestama?<\/p>\n<p class=\"isSelectedEnd\">Keskkonnaagentuuri juhtivs\u00fcnoptik Taimi Paljak juhib t\u00e4helepanu, et l\u00e4hiriikide tormide kohta pole amet teinud statistikat, mille p\u00f5hjal saaks t\u00e4navust suve varasematega v\u00f5rrelda. <\/p>\n<p class=\"isSelectedEnd\">\u201eViimasel korral, 21.-22. augustil, oli tegemist tormiga, mis k\u00f5iki Balti riike puudutas. Eestis ulatusid maksimaalsed tuuleiilid kuni 29 m\/s ja t\u00f5i kaasa v\u00e4ga tugeva saju,\u201c selgitab Paljak.<\/p>\n<p class=\"isSelectedEnd\">29 m\/s m\u00f5\u00f5deti 22. augustil Naissaarel, kus tuuleandur asub 20 meetri k\u00f5rgusel.<\/p>\n<p class=\"isSelectedEnd\">Seega pole p\u00f5hjust arvata, et sellised tormid kuidagi Eestist m\u00f6\u00f6da peaksid minema. Samas pole tugevad suvetormid ka Eesti jaoks midagi enneolematut. Paljak toob n\u00e4iteks m\u00f6\u00f6dunud aasta 3.-4. juuli, mil v\u00e4ga aktiivse madalr\u00f5hkkonna m\u00f5jul ulatusid edela- ja l\u00e4\u00e4netuule puhangud Eesti p\u00f5hjarannikul 29 ning Soome lahel 30 meetrini sekundis.<\/p>\n<p class=\"isSelectedEnd\">\u201eN\u00e4iteid v\u00f5ib varasemaist aastatest veelgi tuua, aga statistilised andmed ei kinnita v\u00e4ga tugevate tormide sagenemist,\u201c r\u00f5hutab Paljak.<\/p>\n<p>\u00dcksikut tormi ei saa kliimamuutuste arvele kirjutada<\/p>\n<p class=\"isSelectedEnd\">Ka t\u00e4navuste tormide sidumisega kliimamuutustega tasub Paljaku s\u00f5nul olla ettevaatlik.<\/p>\n<p class=\"isSelectedEnd\">\u201e\u00dcksikjuhtumite p\u00f5hjal ei saa v\u00e4ita, et see on kliimamuutuste tagaj\u00e4rg,\u201c \u00fctleb ta. K\u00fcll aga on p\u00f5hjust t\u00e4helepanu p\u00f6\u00f6rata tugevate sadude p\u00f5hjustatud \u00fcleujutustele. Nende m\u00f5ju v\u00f5imendab muu hulgas linnade kasv.<\/p>\n<p class=\"isSelectedEnd\">Linnalistes piirkondades kujunevad suvel lokaalsed kuumasaared, mis v\u00f5ivad soodustada konvektiivsete ehk v\u00f5imsate r\u00fcnksajupilvede kiiremat arengut. Samal ajal on linnades suur osa maapinnast kaetud asfaldi, kivi ja teiste vett mittel\u00e4bilaskvate pindadega. Kui l\u00fchikese aja jooksul sajab v\u00e4ga palju, ei suuda sadevees\u00fcsteemid kogu vett piisavalt kiiresti \u00e4ra juhtida ja t\u00e4navad v\u00f5ivad \u00fcle ujutada.<\/p>\n<p class=\"isSelectedEnd\">Siin tuleb m\u00e4ngu ka soojenev kliima. Paljaku s\u00f5nul on statistiliselt kinnitust leidnud nii \u00f5hu- kui ka veetemperatuuri kasvutrend. K\u00f5rgem temperatuur soodustab suurema hulga niiskuse \u00f5hku kandumist ja loob seel\u00e4bi eeldused intensiivsemateks sademeteks.<\/p>\n<p>Kuidas see lugu Sind end tundma pani?Saada<a href=\"https:\/\/maaleht.delfi.ee\/artikkel\/120608157\/latis-elektrita-277-000-majapidamist-leedus-orkaanituul-kas-sellised-tormid-jouavad-ka-eestisse\/kommentaarid\" class=\"button button--primary button--size-auto article-body-bottom__comment article-body-bottom__comment--write\" style=\"\" rel=\"nofollow noopener\" target=\"_blank\">Kommenteeri<\/a><a href=\"https:\/\/maaleht.delfi.ee\/artikkel\/120608157\/latis-elektrita-277-000-majapidamist-leedus-orkaanituul-kas-sellised-tormid-jouavad-ka-eestisse\/kommentaarid\" class=\"button button--size-auto article-body-bottom__comment article-body-bottom__comment--read\" style=\"\" rel=\"nofollow noopener\" target=\"_blank\">Loe kommentaare (23)<\/a><\/p>\n","protected":false},"excerpt":{"rendered":"Riias Daugavgr\u012bvas ulatusid tuuleiilid 31 meetrini sekundis, mujal L\u00e4tis m\u00f5\u00f5deti mitmel pool 26-27 m\/s puhanguid. Tuulele lisandus erakordselt&hellip;\n","protected":false},"author":2,"featured_media":269772,"comment_status":"","ping_status":"","sticky":false,"template":"","format":"standard","meta":{"footnotes":"","_share_on_mastodon":"0"},"categories":[12],"tags":[26,27,37,33,35,34,36,31,32,21,668,28,29,114,115,19,25,23,24,850,8798,22,20,4324,30],"class_list":["post-269771","post","type-post","status-publish","format-standard","has-post-thumbnail","category-eesti","tag-breaking-news","tag-breakingnews","tag-ee","tag-eesti","tag-eesti-keel","tag-estonia","tag-estonian","tag-featured-news","tag-featurednews","tag-headlines","tag-ilm","tag-latest-news","tag-latestnews","tag-lati","tag-leedu","tag-news","tag-populaarseimad-lood","tag-top-stories","tag-topstories","tag-torm","tag-tuul","tag-uldised-uudised","tag-uudised","tag-vihm","tag-viimased-uudised"],"share_on_mastodon":{"url":"https:\/\/pubeurope.com\/@ee\/117224103329748054","error":""},"_links":{"self":[{"href":"https:\/\/www.europesays.com\/ee\/wp-json\/wp\/v2\/posts\/269771","targetHints":{"allow":["GET"]}}],"collection":[{"href":"https:\/\/www.europesays.com\/ee\/wp-json\/wp\/v2\/posts"}],"about":[{"href":"https:\/\/www.europesays.com\/ee\/wp-json\/wp\/v2\/types\/post"}],"author":[{"embeddable":true,"href":"https:\/\/www.europesays.com\/ee\/wp-json\/wp\/v2\/users\/2"}],"replies":[{"embeddable":true,"href":"https:\/\/www.europesays.com\/ee\/wp-json\/wp\/v2\/comments?post=269771"}],"version-history":[{"count":0,"href":"https:\/\/www.europesays.com\/ee\/wp-json\/wp\/v2\/posts\/269771\/revisions"}],"wp:featuredmedia":[{"embeddable":true,"href":"https:\/\/www.europesays.com\/ee\/wp-json\/wp\/v2\/media\/269772"}],"wp:attachment":[{"href":"https:\/\/www.europesays.com\/ee\/wp-json\/wp\/v2\/media?parent=269771"}],"wp:term":[{"taxonomy":"category","embeddable":true,"href":"https:\/\/www.europesays.com\/ee\/wp-json\/wp\/v2\/categories?post=269771"},{"taxonomy":"post_tag","embeddable":true,"href":"https:\/\/www.europesays.com\/ee\/wp-json\/wp\/v2\/tags?post=269771"}],"curies":[{"name":"wp","href":"https:\/\/api.w.org\/{rel}","templated":true}]}}