{"id":269773,"date":"2026-09-06T12:40:40","date_gmt":"2026-09-06T12:40:40","guid":{"rendered":"https:\/\/www.europesays.com\/ee\/269773\/"},"modified":"2026-09-06T12:40:40","modified_gmt":"2026-09-06T12:40:40","slug":"juhtkiri-%e2%9f%a9-vabauhenduste-salaparane-rahamaailm-postimees","status":"publish","type":"post","link":"https:\/\/www.europesays.com\/ee\/269773\/","title":{"rendered":"JUHTKIRI \u27e9 Vaba\u00fchenduste salap\u00e4rane rahamaailm &#8211; Postimees"},"content":{"rendered":"<ol>\n<li><a href=\"https:\/\/news.google.com\/rss\/articles\/CBMiiAFBVV95cUxOX1dzbm50QzhpaFNPa0RoX0w4UXVNcVNZSzUtWTJGWXpzZVdMYUs3U2IwSVA0Vm55elUySmNKTnJ1VnpFT1JVMVNEWkdpTDRwRWl0RDBXVm45OTFjcUtaNzFBMWhqM1JZMWtaTnk1OXVyaHpJLVlDa2J0MmNjZUdYdlRqMFJpRWpu?oc=5\" target=\"_blank\" rel=\"nofollow noopener\">JUHTKIRI \u27e9 Vaba\u00fchenduste salap\u00e4rane rahamaailm<\/a>&nbsp;&nbsp;Postimees<\/li>\n<li><a href=\"https:\/\/news.google.com\/rss\/articles\/CBMixwFBVV95cUxPYjdqY2ZxNlNlQ3psb0l4MEVQNzVjb01DaWdWUmdVQlVXVUFTVlVWSlJ3OVk5c1h5SzJYaWNMTDJNOS1iRjRiazVRY0NkTHV5ODRZQWtxb193S3FRV2N3SmZOSEJwQkF6Tzh4WVJVbXpnelY0MEhmQURiZV9TbURicDNfLXdZWWdnUW9iaGIwSzdjXzNNZEwxTVN6Um5DeVpWVDhkLUF0b054WWYwQlpBenplN21wZnI3MFNxblJsWFFTNjBoVVAw?oc=5\" target=\"_blank\" rel=\"nofollow noopener\">Eesti vaba\u00fchendused protestivad valitsuse rahaplaani vastu. Ministeerium: need ei ole k\u00e4rped<\/a>&nbsp;&nbsp;Majandus<\/li>\n<li><a href=\"https:\/\/news.google.com\/rss\/articles\/CBMiigJBVV95cUxQSi1XcTViQTYtUDJjRVpHdmhyRkFSZ1ZEWThUZV91X1VRV3VpTFdCWE9XeVR4TzZXcGZvUS1DOEhvQ2lYMFdyODZXdTRvRUN3ZF9nRnZuRXEwdUZBYUpZamltcENUQjk4STlLX2daUXI5QnVWMGlUV1NWTFZGb1RLNzRTOE5ydlR1V3RIMnZkYUZsb3JHMEhIbGU4SXE0MWotc214X1NNVEs2amtwTGhtRmZsaGdGVnVOVEpFNlVPWThnT1Y1ZE5adVk3RWtUQlNXNVBvTm9RYmpSM2o0Zk1BQkMxMVVTWjdjQXpFR3h5WUF3M0lnOHhyWlVJQmFJWmR5MFcwdkxYUmtnUQ?oc=5\" target=\"_blank\" rel=\"nofollow noopener\">MT\u00dc-DE \u00dcLEVAADE Sajad tuhanded arenguriikide kliimaeesm\u00e4rkide t\u00e4itmiseks ja soolise v\u00f5rd\u00f5iguslikkuse saavutamiseks ehk kuhu suunab riik raha?<\/a>&nbsp;&nbsp;Majandus<\/li>\n<\/ol>\n","protected":false},"excerpt":{"rendered":"JUHTKIRI \u27e9 Vaba\u00fchenduste salap\u00e4rane rahamaailm&nbsp;&nbsp;Postimees Eesti vaba\u00fchendused protestivad valitsuse rahaplaani vastu. Ministeerium: need ei ole k\u00e4rped&nbsp;&nbsp;Majandus MT\u00dc-DE \u00dcLEVAADE&hellip;\n","protected":false},"author":2,"featured_media":269774,"comment_status":"","ping_status":"","sticky":false,"template":"","format":"standard","meta":{"footnotes":"","_share_on_mastodon":"0"},"categories":[12],"tags":[71,26,27,37,33,35,34,36,31,32,21,73,72,28,29,19,74,25,23,24,22,20,30],"class_list":["post-269773","post","type-post","status-publish","format-standard","has-post-thumbnail","category-eesti","tag-arvamus","tag-breaking-news","tag-breakingnews","tag-ee","tag-eesti","tag-eesti-keel","tag-estonia","tag-estonian","tag-featured-news","tag-featurednews","tag-headlines","tag-juhtkiri","tag-karikatuur","tag-latest-news","tag-latestnews","tag-news","tag-online-vaitlus","tag-populaarseimad-lood","tag-top-stories","tag-topstories","tag-uldised-uudised","tag-uudised","tag-viimased-uudised"],"share_on_mastodon":{"url":"https:\/\/pubeurope.com\/@ee\/117224146598827812","error":""},"_links":{"self":[{"href":"https:\/\/www.europesays.com\/ee\/wp-json\/wp\/v2\/posts\/269773","targetHints":{"allow":["GET"]}}],"collection":[{"href":"https:\/\/www.europesays.com\/ee\/wp-json\/wp\/v2\/posts"}],"about":[{"href":"https:\/\/www.europesays.com\/ee\/wp-json\/wp\/v2\/types\/post"}],"author":[{"embeddable":true,"href":"https:\/\/www.europesays.com\/ee\/wp-json\/wp\/v2\/users\/2"}],"replies":[{"embeddable":true,"href":"https:\/\/www.europesays.com\/ee\/wp-json\/wp\/v2\/comments?post=269773"}],"version-history":[{"count":0,"href":"https:\/\/www.europesays.com\/ee\/wp-json\/wp\/v2\/posts\/269773\/revisions"}],"wp:featuredmedia":[{"embeddable":true,"href":"https:\/\/www.europesays.com\/ee\/wp-json\/wp\/v2\/media\/269774"}],"wp:attachment":[{"href":"https:\/\/www.europesays.com\/ee\/wp-json\/wp\/v2\/media?parent=269773"}],"wp:term":[{"taxonomy":"category","embeddable":true,"href":"https:\/\/www.europesays.com\/ee\/wp-json\/wp\/v2\/categories?post=269773"},{"taxonomy":"post_tag","embeddable":true,"href":"https:\/\/www.europesays.com\/ee\/wp-json\/wp\/v2\/tags?post=269773"}],"curies":[{"name":"wp","href":"https:\/\/api.w.org\/{rel}","templated":true}]}}