{"id":269781,"date":"2026-09-06T13:02:35","date_gmt":"2026-09-06T13:02:35","guid":{"rendered":"https:\/\/www.europesays.com\/ee\/269781\/"},"modified":"2026-09-06T13:02:35","modified_gmt":"2026-09-06T13:02:35","slug":"eesti-paases-hullemast-augustitorm-toi-latis-ja-leedus-miljonitesse-ulatuvad-kahjud","status":"publish","type":"post","link":"https:\/\/www.europesays.com\/ee\/269781\/","title":{"rendered":"Eesti p\u00e4\u00e4ses hullemast: augustitorm t\u00f5i L\u00e4tis ja Leedus miljonitesse ulatuvad kahjud"},"content":{"rendered":"<p>Kindlustusandja hindab tormi p\u00f5hjustatud kahjude kogumahuks Baltimaades rekordilised kaheksa miljonit eurot. Sellest neli miljonit eurot on arvestatud kahjuh\u00fcvitisteks L\u00e4tis ja 3,6 miljonit Leedus. Eestis ulatub registreeritud kahjude suurusj\u00e4rk umbes 210 000 euroni.<\/p>\n<p>\u201eEestis l\u00e4ks praeguse info p\u00f5hjal v\u00f5rreldes L\u00e4ti ja Leeduga \u00fcsna h\u00e4sti. Kahjuteateid on Eestis laekunud seni v\u00e4ga v\u00e4he ning ka tormikahjud on naaberriikidega v\u00f5rreldes tagasihoidlikud. L\u00e4tis ja Leedus on olukord m\u00e4rksa t\u00f5sisem ning seal lisandub kahjuteateid j\u00e4tkuvalt,\u201c \u00fctles BTA kahjuk\u00e4sitluse osakonna juhataja Andra Rosen.<\/p>\n<p>Eestis kahjustas torm peamiselt inimeste kodusid ja ettev\u00f5tete vara. Kahju p\u00f5hjustasid n\u00e4iteks tormis kannatada saanud katustest tekkinud lekked ning ustest hoonetesse pressinud sadevesi.<\/p>\n<p>L\u00e4tis on enim kahjuteateid tulnud eraisikute ja ettev\u00f5tete vara ning s\u00f5idukite kahjustuste kohta. Samuti sai kannatada p\u00f5llumajandus. Leedus domineerivad eraisikute varakahjud, kuid kahjustada said ka ettev\u00f5tete vara, s\u00f5idukid, ehitusobjektid ja p\u00f5llumajanduskultuurid.<\/p>\n<p>Langenud puud tegid palju kahju<\/p>\n<p>Roseni s\u00f5nul olid nii L\u00e4tis kui ka Leedus \u00fcheks sagedasemaks kahjude p\u00f5hjustajaks langenud puud. L\u00e4tis langesid need enamasti aedadele, Leedus aga hoonetele.<\/p>\n<p>Lisaks tugevale tuulele tekitasid kahju paduvihmad. Vesi p\u00e4\u00e4ses kahjustatud katuste ja akende kaudu hoonetesse. Elektrikatkestuste t\u00f5ttu riknes ettev\u00f5tetes, n\u00e4iteks kauplustes, toidukaupu, mis tuli m\u00fc\u00fcgilt k\u00f5rvaldada. Tugev tuul lamandas ulatuslikult ka p\u00f5llumajanduskultuure.<\/p>\n<p>BTA on praeguseks reserveerinud Baltikumis tormikahjude h\u00fcvitamiseks kokku kaheksa miljonit eurot. Sellest neli miljonit eurot on ette n\u00e4htud kahjuh\u00fcvitisteks L\u00e4tis ja 3,6 miljonit eurot Leedus. Eestis on registreeritud kahjude suurusj\u00e4rk umbes 210 000 eurot. V\u00f5rdluseks ulatus sama ettev\u00f5tte varasem suurim k\u00f5iki kolme Balti riiki h\u00f5lmanud tormikahju kokku umbes 350 000 euroni.<\/p>\n","protected":false},"excerpt":{"rendered":"Kindlustusandja hindab tormi p\u00f5hjustatud kahjude kogumahuks Baltimaades rekordilised kaheksa miljonit eurot. Sellest neli miljonit eurot on arvestatud kahjuh\u00fcvitisteks&hellip;\n","protected":false},"author":2,"featured_media":269782,"comment_status":"","ping_status":"","sticky":false,"template":"","format":"standard","meta":{"footnotes":"","_share_on_mastodon":"0"},"categories":[12],"tags":[26,27,37,33,35,34,36,31,32,21,28,29,19,25,23,24,22,20,30],"class_list":["post-269781","post","type-post","status-publish","format-standard","has-post-thumbnail","category-eesti","tag-breaking-news","tag-breakingnews","tag-ee","tag-eesti","tag-eesti-keel","tag-estonia","tag-estonian","tag-featured-news","tag-featurednews","tag-headlines","tag-latest-news","tag-latestnews","tag-news","tag-populaarseimad-lood","tag-top-stories","tag-topstories","tag-uldised-uudised","tag-uudised","tag-viimased-uudised"],"share_on_mastodon":{"url":"https:\/\/pubeurope.com\/@ee\/117224232969561166","error":""},"_links":{"self":[{"href":"https:\/\/www.europesays.com\/ee\/wp-json\/wp\/v2\/posts\/269781","targetHints":{"allow":["GET"]}}],"collection":[{"href":"https:\/\/www.europesays.com\/ee\/wp-json\/wp\/v2\/posts"}],"about":[{"href":"https:\/\/www.europesays.com\/ee\/wp-json\/wp\/v2\/types\/post"}],"author":[{"embeddable":true,"href":"https:\/\/www.europesays.com\/ee\/wp-json\/wp\/v2\/users\/2"}],"replies":[{"embeddable":true,"href":"https:\/\/www.europesays.com\/ee\/wp-json\/wp\/v2\/comments?post=269781"}],"version-history":[{"count":0,"href":"https:\/\/www.europesays.com\/ee\/wp-json\/wp\/v2\/posts\/269781\/revisions"}],"wp:featuredmedia":[{"embeddable":true,"href":"https:\/\/www.europesays.com\/ee\/wp-json\/wp\/v2\/media\/269782"}],"wp:attachment":[{"href":"https:\/\/www.europesays.com\/ee\/wp-json\/wp\/v2\/media?parent=269781"}],"wp:term":[{"taxonomy":"category","embeddable":true,"href":"https:\/\/www.europesays.com\/ee\/wp-json\/wp\/v2\/categories?post=269781"},{"taxonomy":"post_tag","embeddable":true,"href":"https:\/\/www.europesays.com\/ee\/wp-json\/wp\/v2\/tags?post=269781"}],"curies":[{"name":"wp","href":"https:\/\/api.w.org\/{rel}","templated":true}]}}