{"id":269823,"date":"2026-09-06T14:31:10","date_gmt":"2026-09-06T14:31:10","guid":{"rendered":"https:\/\/www.europesays.com\/ee\/269823\/"},"modified":"2026-09-06T14:31:10","modified_gmt":"2026-09-06T14:31:10","slug":"eesti-kuulub-euroopa-heldemate-annetajate-sekka","status":"publish","type":"post","link":"https:\/\/www.europesays.com\/ee\/269823\/","title":{"rendered":"Eesti kuulub Euroopa heldemate annetajate sekka"},"content":{"rendered":"<p>CAF k\u00fcsitles 2026. aasta alguses \u00fcle 60 000 inimese 105 riigis. Euroopa Liidus annetas raha k\u00f5ige suurem osa Iirimaa elanikest ehk 77%. J\u00e4rgnesid Holland 71% ja Horvaatia 68%-ga.<\/p>\n<p class=\"isSelectedEnd\">Eestis annetas raha 56% inimestest, millega jagati Kreekaga EL-is kaheksandat kohta. Leedus oli annetajate osakaal 54% ja L\u00e4tis 50%.<\/p>\n<p class=\"isSelectedEnd\">Kui arvestada annetatud summa osakaalu sissetulekust, t\u00f5usis riikide seas esikohale Rumeenia. Seal moodustasid heategevusorganisatsioonidele, usulistel p\u00f5hjustel ja otse abivajajatele tehtud annetused keskmiselt 0,9% inimeste sissetulekust. Horvaatias oli vastav n\u00e4itaja 0,8% ja Iirimaal 0,7%.<\/p>\n<p class=\"isSelectedEnd\">Eurooplased annetasid keskmiselt 0,6% oma sissetulekust, v\u00f5rreldes maailma keskmise 1%-ga. \u00dckski EL-i riik ei j\u00f5udnud maailma k\u00fcmne heldeima sekka ning sissetulekust annetatud osa j\u00e4rgi oli Euroopa k\u00f5ige v\u00e4hem helde maailmajagu.<\/p>\n<p class=\"isSelectedEnd\">Maailma esikohale tuli Nigeeria, kus annetati keskmiselt 2,8% sissetulekust. K\u00f5ik k\u00fcmme heldeimat riiki olid madala v\u00f5i madalama keskmise sissetulekuga ning kaheksa neist asusid Aafrikas. Edetabeli l\u00f5ppu j\u00e4i Jaapan 0,2%-ga.<\/p>\n<p class=\"isSelectedEnd\">Euroopas annetas heategevusorganisatsioonidele 38% inimestest, otse abivajajatele 26% ning usulistel p\u00f5hjustel 14%. K\u00f5ige sagedamini toetati laste ja noortega seotud eesm\u00e4rke.<\/p>\n<p>Annetamata j\u00e4tmise peamiseks p\u00f5hjuseks nimetati rahapuudust. Nii vastas 39% neist, kes polnud raha annetanud. 17% eelistas aidata muul viisil, n\u00e4iteks annetada esemeid v\u00f5i teha vabatahtlikku t\u00f6\u00f6d.<\/p>\n<p>Kuidas see lugu Sind end tundma pani?Saada<a href=\"https:\/\/arileht.delfi.ee\/a\/120608301\/eesti-kuulub-euroopa-heldemate-annetajate-sekka\/kommentaarid\" class=\"button button--primary button--size-auto article-body-bottom__comment article-body-bottom__comment--write\" style=\"\" rel=\"nofollow noopener\" target=\"_blank\">Kommenteeri<\/a><a href=\"https:\/\/arileht.delfi.ee\/a\/120608301\/eesti-kuulub-euroopa-heldemate-annetajate-sekka\/kommentaarid\" class=\"button button--size-auto article-body-bottom__comment article-body-bottom__comment--read\" style=\"\" rel=\"nofollow noopener\" target=\"_blank\">Loe kommentaare (32)<\/a><\/p>\n","protected":false},"excerpt":{"rendered":"CAF k\u00fcsitles 2026. aasta alguses \u00fcle 60 000 inimese 105 riigis. Euroopa Liidus annetas raha k\u00f5ige suurem osa&hellip;\n","protected":false},"author":2,"featured_media":269824,"comment_status":"","ping_status":"","sticky":false,"template":"","format":"standard","meta":{"footnotes":"","_share_on_mastodon":"0"},"categories":[12],"tags":[9937,26,27,37,33,35,34,36,31,32,21,2891,28,29,19,25,23,24,22,20,30],"class_list":["post-269823","post","type-post","status-publish","format-standard","has-post-thumbnail","category-eesti","tag-annetamine","tag-breaking-news","tag-breakingnews","tag-ee","tag-eesti","tag-eesti-keel","tag-estonia","tag-estonian","tag-featured-news","tag-featurednews","tag-headlines","tag-heategevus","tag-latest-news","tag-latestnews","tag-news","tag-populaarseimad-lood","tag-top-stories","tag-topstories","tag-uldised-uudised","tag-uudised","tag-viimased-uudised"],"share_on_mastodon":{"url":"https:\/\/pubeurope.com\/@ee\/117224583129857461","error":""},"_links":{"self":[{"href":"https:\/\/www.europesays.com\/ee\/wp-json\/wp\/v2\/posts\/269823","targetHints":{"allow":["GET"]}}],"collection":[{"href":"https:\/\/www.europesays.com\/ee\/wp-json\/wp\/v2\/posts"}],"about":[{"href":"https:\/\/www.europesays.com\/ee\/wp-json\/wp\/v2\/types\/post"}],"author":[{"embeddable":true,"href":"https:\/\/www.europesays.com\/ee\/wp-json\/wp\/v2\/users\/2"}],"replies":[{"embeddable":true,"href":"https:\/\/www.europesays.com\/ee\/wp-json\/wp\/v2\/comments?post=269823"}],"version-history":[{"count":0,"href":"https:\/\/www.europesays.com\/ee\/wp-json\/wp\/v2\/posts\/269823\/revisions"}],"wp:featuredmedia":[{"embeddable":true,"href":"https:\/\/www.europesays.com\/ee\/wp-json\/wp\/v2\/media\/269824"}],"wp:attachment":[{"href":"https:\/\/www.europesays.com\/ee\/wp-json\/wp\/v2\/media?parent=269823"}],"wp:term":[{"taxonomy":"category","embeddable":true,"href":"https:\/\/www.europesays.com\/ee\/wp-json\/wp\/v2\/categories?post=269823"},{"taxonomy":"post_tag","embeddable":true,"href":"https:\/\/www.europesays.com\/ee\/wp-json\/wp\/v2\/tags?post=269823"}],"curies":[{"name":"wp","href":"https:\/\/api.w.org\/{rel}","templated":true}]}}