{"id":269911,"date":"2026-09-06T18:00:09","date_gmt":"2026-09-06T18:00:09","guid":{"rendered":"https:\/\/www.europesays.com\/ee\/269911\/"},"modified":"2026-09-06T18:00:09","modified_gmt":"2026-09-06T18:00:09","slug":"kimi-antonelli-ulmeline-soit-monzas-19-stardikohalt-voitjaks","status":"publish","type":"post","link":"https:\/\/www.europesays.com\/ee\/269911\/","title":{"rendered":"Kimi Antonelli ulmeline s\u00f5it Monzas: 19. stardikohalt v\u00f5itjaks!"},"content":{"rendered":"<p>Vormel 1 sarjas sai peaaegu ajaloolise saavutusega hakkama \u00fcldliider Kimi Antonelli, kes v\u00f5itis Monza GP-etapi 19. kohalt startinuna. Lisaks sai temast p\u00e4rast kuut aastak\u00fcmmet esimene sel rajal v\u00f5idutsenud itaallane.<\/p>\n<p>K\u00f5ige madalamalt stardikohalt alustanuna on etapiv\u00f5itjaks kerkinud John Watson, kes 1983. aastal peetud USA West GP-l alustas s\u00f5itu 22. positsioonilt. Antonelli kerkis n\u00fc\u00fcdse saavutusega ses arvestuses teiseks.<\/p>\n","protected":false},"excerpt":{"rendered":"Vormel 1 sarjas sai peaaegu ajaloolise saavutusega hakkama \u00fcldliider Kimi Antonelli, kes v\u00f5itis Monza GP-etapi 19. kohalt startinuna.&hellip;\n","protected":false},"author":2,"featured_media":269912,"comment_status":"","ping_status":"","sticky":false,"template":"","format":"standard","meta":{"footnotes":"","_share_on_mastodon":"0"},"categories":[18],"tags":[1164,4488,37,33,35,34,36,1956,104350,19344,1573,586,7595,104349,13478,7598,159,158,104351,4487],"class_list":["post-269911","post","type-post","status-publish","format-standard","has-post-thumbnail","category-sport","tag-alpine","tag-charles-leclerc","tag-ee","tag-eesti","tag-eesti-keel","tag-estonia","tag-estonian","tag-george-russell","tag-john-watson","tag-kimi-antonelli","tag-lewis-hamilton","tag-max-verstappen","tag-mercedes","tag-monza-grand-prix","tag-pierre-gasly","tag-red-bull","tag-sport","tag-sports","tag-usa-west-grand-prix","tag-vormel-1"],"share_on_mastodon":{"url":"https:\/\/pubeurope.com\/@ee\/117225404814406946","error":""},"_links":{"self":[{"href":"https:\/\/www.europesays.com\/ee\/wp-json\/wp\/v2\/posts\/269911","targetHints":{"allow":["GET"]}}],"collection":[{"href":"https:\/\/www.europesays.com\/ee\/wp-json\/wp\/v2\/posts"}],"about":[{"href":"https:\/\/www.europesays.com\/ee\/wp-json\/wp\/v2\/types\/post"}],"author":[{"embeddable":true,"href":"https:\/\/www.europesays.com\/ee\/wp-json\/wp\/v2\/users\/2"}],"replies":[{"embeddable":true,"href":"https:\/\/www.europesays.com\/ee\/wp-json\/wp\/v2\/comments?post=269911"}],"version-history":[{"count":0,"href":"https:\/\/www.europesays.com\/ee\/wp-json\/wp\/v2\/posts\/269911\/revisions"}],"wp:featuredmedia":[{"embeddable":true,"href":"https:\/\/www.europesays.com\/ee\/wp-json\/wp\/v2\/media\/269912"}],"wp:attachment":[{"href":"https:\/\/www.europesays.com\/ee\/wp-json\/wp\/v2\/media?parent=269911"}],"wp:term":[{"taxonomy":"category","embeddable":true,"href":"https:\/\/www.europesays.com\/ee\/wp-json\/wp\/v2\/categories?post=269911"},{"taxonomy":"post_tag","embeddable":true,"href":"https:\/\/www.europesays.com\/ee\/wp-json\/wp\/v2\/tags?post=269911"}],"curies":[{"name":"wp","href":"https:\/\/api.w.org\/{rel}","templated":true}]}}