{"id":269949,"date":"2026-09-06T19:19:11","date_gmt":"2026-09-06T19:19:11","guid":{"rendered":"https:\/\/www.europesays.com\/ee\/269949\/"},"modified":"2026-09-06T19:19:11","modified_gmt":"2026-09-06T19:19:11","slug":"saksamaa-paremaarmuslaste-erakonnale-afd-prognoositakse-suurt-valimisvoitu-saksi-anhaltis","status":"publish","type":"post","link":"https:\/\/www.europesays.com\/ee\/269949\/","title":{"rendered":"Saksamaa parem\u00e4\u00e4rmuslaste erakonnale AfD prognoositakse suurt valimisv\u00f5itu Saksi-Anhaltis"},"content":{"rendered":"<p>Parem\u00e4\u00e4rmuslik erakond peaks saama prognoosi kohaselt \u00fcle 44% h\u00e4\u00e4ltest, edestades selgelt konservatiivset CDU-d, mille toetuseks prognoositakse 18,2%. AfD on juba nimetanud tulemust ajalooliseks ning sealne valimiste esinumber Ulrich Siegmund on keeldunud valitsemast koos \u00fchegi teise erakonnaga.<\/p>\n<p>P\u00e4rast teist maailmas\u00f5da ei ole \u00fckski parem\u00e4\u00e4rmuslik erakond Saksamaal \u00fcheski liidumaas v\u00f5imu saavutanud ning liidumaa tasandil valitsemine annaks v\u00f5imu politsei, kohaliku hariduse ja kultuuri \u00fcle. Saksi-Anhaltis elab 2,1 miljonit inimest ning Saksamaa sisejulgeolekuteenistus on liidumaa AfD liigitanud parem\u00e4\u00e4rmuslikuks, kuid Siegmund l\u00fckkab selle m\u00e4\u00e4ratluse tagasi.<\/p>\n<p>AfD prognoositav tulemus on k\u00f5rgem, kui varasemad arvamusk\u00fcsitlused n\u00e4itasid. Erakonna juhid ei saa aga teada, kas neil on valitsemiseks piisavalt kohti, enne kui selgub, millised v\u00e4iksemad erakonnad liidumaa parlamenti p\u00e4\u00e4sevad. See v\u00f5ib s\u00f5ltuda sellest, kas m\u00f5ni v\u00e4iksem erakond \u00fcletab n\u00f5utava 5% valimisk\u00fcnnise.<\/p>\n<p>Kui populistlik vasakpoolne BSW parlamenti ei p\u00e4\u00e4se, suurenevad AfD v\u00f5imalused enamuse saavutamiseks. Praeguse prognoosi j\u00e4rgi saaks AfD 83-kohalises liidumaa parlamendis 39 kohta.<\/p>\n<p>\u201eMe oleme selles liidumaas ajalugu teinud,\u201c \u00fctles Siegmund. Tema CDU vastaskandidaat Sven Schulze tunnistas juba ka kaotust. \u201eSee oli \u00e4\u00e4rmiselt raske ja intensiivne valimiskampaania.\u201c<\/p>\n<p>AfD t\u00e4hendab Alternative f\u00fcr Deutschlandi ehk alternatiivne Saksamaa. Erakond ei domineerinud \u00fcksnes valimiskampaaniat, vaid on kujunemas domineerivaks j\u00f5uks ka valimistulemuses.<\/p>\n<p>Teised erakonnad keelduvad AfD-ga koalitsiooni minemast, rakendades niinimetatud Brandmauer\u2019it ehk tulem\u00fc\u00fcri, mille eesm\u00e4rk on hoida parem\u00e4\u00e4rmuslased valitsusest eemal. Saksi-Anhaltis on BSW pakkunud, et v\u00f5ib AfD-ga m\u00f5nes k\u00fcsimuses koost\u00f6\u00f6d teha, juhul kui ta liidumaa parlamenti p\u00e4\u00e4seb.<\/p>\n<p>AfD juhib ka \u00fcleriigilisi arvamusk\u00fcsitlusi, edestades kantsler Friedrich Merzi v\u00f5imul olevaid konservatiive ja sotsiaaldemokraate, kuid erakonna peamine tugiala asub idapoolsetes liidumaades.<\/p>\n<p>AfD v\u00f5itis ka 2024. aasta liidumaa valimised naaberosariigis T\u00fc\u00fcringis, kuid ei saanud v\u00f5imule p\u00e4\u00e4semiseks piisavalt parlamendikohti.<\/p>\n<p>Kuidas see lugu Sind end tundma pani?Saada<a href=\"https:\/\/www.delfi.ee\/artikkel\/120608753\/saksamaa-paremaarmuslaste-erakonnale-afd-prognoositakse-suurt-valimisvoitu-saksi-anhaltis\/kommentaarid\" class=\"button button--primary button--size-auto article-body-bottom__comment article-body-bottom__comment--write\" style=\"\" rel=\"nofollow noopener\" target=\"_blank\">Kommenteeri<\/a><a href=\"https:\/\/www.delfi.ee\/artikkel\/120608753\/saksamaa-paremaarmuslaste-erakonnale-afd-prognoositakse-suurt-valimisvoitu-saksi-anhaltis\/kommentaarid\" class=\"button button--size-auto article-body-bottom__comment article-body-bottom__comment--read\" style=\"\" rel=\"nofollow noopener\" target=\"_blank\">Loe kommentaare (17)<\/a><\/p>\n","protected":false},"excerpt":{"rendered":"Parem\u00e4\u00e4rmuslik erakond peaks saama prognoosi kohaselt \u00fcle 44% h\u00e4\u00e4ltest, edestades selgelt konservatiivset CDU-d, mille toetuseks prognoositakse 18,2%. AfD&hellip;\n","protected":false},"author":2,"featured_media":269950,"comment_status":"","ping_status":"","sticky":false,"template":"","format":"standard","meta":{"footnotes":"","_share_on_mastodon":"0"},"categories":[80],"tags":[687,679,667,26,27,673,688,663,662,37,33,35,684,683,692,34,36,31,32,208,148,21,206,668,669,381,686,677,694,691,339,680,28,29,671,95,672,377,690,144,678,665,19,693,676,666,25,322,664,150,695,685,159,394,682,674,675,23,24,689,222,22,20,670,681,149,30,92,93,94],"class_list":["post-269949","post","type-post","status-publish","format-standard","has-post-thumbnail","category-maailm","tag-ajaviide","tag-autoleht","tag-blog","tag-breaking-news","tag-breakingnews","tag-cv","tag-date","tag-defli","tag-delfi","tag-ee","tag-eesti","tag-eesti-keel","tag-ekaart","tag-email","tag-erootika","tag-estonia","tag-estonian","tag-featured-news","tag-featurednews","tag-film","tag-foto","tag-headlines","tag-horoskoop","tag-ilm","tag-ilmaennustus","tag-internet","tag-kaart","tag-kava","tag-kindlustus","tag-kinnisvara","tag-kuulutused","tag-lasteleht","tag-latest-news","tag-latestnews","tag-loto","tag-maailm","tag-majandus","tag-mangud","tag-mobiil","tag-muusika","tag-naisteleht","tag-naljad","tag-news","tag-otsing","tag-pank","tag-pilt","tag-populaarseimad-lood","tag-raadio","tag-reklaam","tag-seks","tag-sms","tag-solo","tag-sport","tag-tarkvara","tag-tasuta","tag-too","tag-toopakkumised","tag-top-stories","tag-topstories","tag-tutvus","tag-tv","tag-uldised-uudised","tag-uudised","tag-valimised","tag-valuuta","tag-video","tag-viimased-uudised","tag-world","tag-world-news","tag-worldnews"],"share_on_mastodon":{"url":"","error":""},"_links":{"self":[{"href":"https:\/\/www.europesays.com\/ee\/wp-json\/wp\/v2\/posts\/269949","targetHints":{"allow":["GET"]}}],"collection":[{"href":"https:\/\/www.europesays.com\/ee\/wp-json\/wp\/v2\/posts"}],"about":[{"href":"https:\/\/www.europesays.com\/ee\/wp-json\/wp\/v2\/types\/post"}],"author":[{"embeddable":true,"href":"https:\/\/www.europesays.com\/ee\/wp-json\/wp\/v2\/users\/2"}],"replies":[{"embeddable":true,"href":"https:\/\/www.europesays.com\/ee\/wp-json\/wp\/v2\/comments?post=269949"}],"version-history":[{"count":0,"href":"https:\/\/www.europesays.com\/ee\/wp-json\/wp\/v2\/posts\/269949\/revisions"}],"wp:featuredmedia":[{"embeddable":true,"href":"https:\/\/www.europesays.com\/ee\/wp-json\/wp\/v2\/media\/269950"}],"wp:attachment":[{"href":"https:\/\/www.europesays.com\/ee\/wp-json\/wp\/v2\/media?parent=269949"}],"wp:term":[{"taxonomy":"category","embeddable":true,"href":"https:\/\/www.europesays.com\/ee\/wp-json\/wp\/v2\/categories?post=269949"},{"taxonomy":"post_tag","embeddable":true,"href":"https:\/\/www.europesays.com\/ee\/wp-json\/wp\/v2\/tags?post=269949"}],"curies":[{"name":"wp","href":"https:\/\/api.w.org\/{rel}","templated":true}]}}