{"id":269953,"date":"2026-09-06T19:28:11","date_gmt":"2026-09-06T19:28:11","guid":{"rendered":"https:\/\/www.europesays.com\/ee\/269953\/"},"modified":"2026-09-06T19:28:11","modified_gmt":"2026-09-06T19:28:11","slug":"eesti-neiud-voitsid-u23-emil-pronksmedali","status":"publish","type":"post","link":"https:\/\/www.europesays.com\/ee\/269953\/","title":{"rendered":"Eesti neiud v\u00f5itsid U23 EMil pronksmedali"},"content":{"rendered":"<p>Tallinna S\u00f5udeklubi esindav Saks ja viljandlanna Meinbek v\u00f5itsid kindlalt oma eels\u00f5idu ja p\u00e4\u00e4sesid sellega otse A-finaali. Seal tuli tunnistada T\u0161ehhi (7.34,52) ja Leedu (7.38,93) kindlat paremust, kuid sama kindlalt v\u00f5ideti medal (7.44,31), sest neljandana l\u00f5petanud Kreeka j\u00e4i maha juba enam kui kuue sekundiga.<\/p>\n<p>Tartu, P\u00e4rnu ja Tallinna klubide esindajatest koostatud noormeeste paarisaeruline neljapaat (Endrik Hansen, Tauno Tamm, Christopher Hein, Riko Raimond Kubja) p\u00e4\u00e4ses eels\u00f5idu tgeise kohaga samuti otse A-finaali. Seal l\u00f5petati ajaga 6.35,27 viiendana neutraalse paatkonna, Itaalia, Norra ja Poola j\u00e4rel ning eespool Bulgaariat. V\u00f5itjale kaotati ligi 12 sekundiga.<\/p>\n","protected":false},"excerpt":{"rendered":"Tallinna S\u00f5udeklubi esindav Saks ja viljandlanna Meinbek v\u00f5itsid kindlalt oma eels\u00f5idu ja p\u00e4\u00e4sesid sellega otse A-finaali. Seal tuli&hellip;\n","protected":false},"author":2,"featured_media":269954,"comment_status":"","ping_status":"","sticky":false,"template":"","format":"standard","meta":{"footnotes":"","_share_on_mastodon":"0"},"categories":[18],"tags":[55588,37,33,35,5289,34,36,104368,97546,72804,1421,111,3531,159,158,104370,249,104369,104367,986],"class_list":["post-269953","post","type-post","status-publish","format-standard","has-post-thumbnail","category-sport","tag-doris-meinbek","tag-ee","tag-eesti","tag-eesti-keel","tag-eesti-koondis","tag-estonia","tag-estonian","tag-kruszwica","tag-paarisaeruline-kahepaat","tag-paarisaeruline-neljapaat","tag-parnu","tag-poola","tag-soudmine","tag-sport","tag-sports","tag-tallinna-soudeklubi","tag-tartu","tag-tuuli-neidi-saks","tag-u23-euroopa-meistrivoistlused","tag-viljandi"],"share_on_mastodon":{"url":"https:\/\/pubeurope.com\/@ee\/117225750832804980","error":""},"_links":{"self":[{"href":"https:\/\/www.europesays.com\/ee\/wp-json\/wp\/v2\/posts\/269953","targetHints":{"allow":["GET"]}}],"collection":[{"href":"https:\/\/www.europesays.com\/ee\/wp-json\/wp\/v2\/posts"}],"about":[{"href":"https:\/\/www.europesays.com\/ee\/wp-json\/wp\/v2\/types\/post"}],"author":[{"embeddable":true,"href":"https:\/\/www.europesays.com\/ee\/wp-json\/wp\/v2\/users\/2"}],"replies":[{"embeddable":true,"href":"https:\/\/www.europesays.com\/ee\/wp-json\/wp\/v2\/comments?post=269953"}],"version-history":[{"count":0,"href":"https:\/\/www.europesays.com\/ee\/wp-json\/wp\/v2\/posts\/269953\/revisions"}],"wp:featuredmedia":[{"embeddable":true,"href":"https:\/\/www.europesays.com\/ee\/wp-json\/wp\/v2\/media\/269954"}],"wp:attachment":[{"href":"https:\/\/www.europesays.com\/ee\/wp-json\/wp\/v2\/media?parent=269953"}],"wp:term":[{"taxonomy":"category","embeddable":true,"href":"https:\/\/www.europesays.com\/ee\/wp-json\/wp\/v2\/categories?post=269953"},{"taxonomy":"post_tag","embeddable":true,"href":"https:\/\/www.europesays.com\/ee\/wp-json\/wp\/v2\/tags?post=269953"}],"curies":[{"name":"wp","href":"https:\/\/api.w.org\/{rel}","templated":true}]}}