{"id":27103,"date":"2025-10-25T05:57:07","date_gmt":"2025-10-25T05:57:07","guid":{"rendered":"https:\/\/www.europesays.com\/ee\/27103\/"},"modified":"2025-10-25T05:57:07","modified_gmt":"2025-10-25T05:57:07","slug":"veesaar-tegi-usas-silmapaistva-esituse-kriisal-sihik-veidi-paigast","status":"publish","type":"post","link":"https:\/\/www.europesays.com\/ee\/27103\/","title":{"rendered":"Veesaar tegi USAs silmapaistva esituse, Kriisal sihik veidi paigast"},"content":{"rendered":"<p>North\u00a0Carolina Tar\u00a0Heels\u00a0polnudki veel \u00fchtki t\u00f5sisemat partiid pidanud. Paar n\u00e4dalat tagasi madistati omakeskis, kui sats l\u00f6\u00f6di pooleks.<\/p>\n<p>N\u00fc\u00fcd s\u00f5itsid Veesaar ja s\u00f5brad k\u00fclla samuti NCAAs\u00a0tippude sekka kuuluvale BYU Cougarsile. Kohtumine kulges v\u00e4ga v\u00f5rdselt. Vahe ei k\u00e4risenud kummalegi poole \u00fcle kaheksa punkti. L\u00f5puks panid v\u00f5\u00f5rustajad oma paremuse napilt, 78:76 maksma.<\/p>\n","protected":false},"excerpt":{"rendered":"North\u00a0Carolina Tar\u00a0Heels\u00a0polnudki veel \u00fchtki t\u00f5sisemat partiid pidanud. Paar n\u00e4dalat tagasi madistati omakeskis, kui sats l\u00f6\u00f6di pooleks. N\u00fc\u00fcd s\u00f5itsid&hellip;\n","protected":false},"author":2,"featured_media":27104,"comment_status":"","ping_status":"","sticky":false,"template":"","format":"standard","meta":{"footnotes":"","_share_on_mastodon":"0"},"categories":[18],"tags":[14598,37,33,35,3119,34,36,14599,12924,1513,8867,14597,12930,14600,159,158],"class_list":["post-27103","post","type-post","status-publish","format-standard","has-post-thumbnail","category-sport","tag-cincinnati","tag-ee","tag-eesti","tag-eesti-keel","tag-eesti-korvpallikoondis","tag-estonia","tag-estonian","tag-henri-veesaar","tag-kerr-kriisa","tag-korvpall","tag-korvpallikoondis","tag-michael-jordan","tag-ncaa","tag-north-carolina-tar-heels","tag-sport","tag-sports"],"share_on_mastodon":{"url":"https:\/\/pubeurope.com\/@ee\/115433271656836079","error":""},"_links":{"self":[{"href":"https:\/\/www.europesays.com\/ee\/wp-json\/wp\/v2\/posts\/27103","targetHints":{"allow":["GET"]}}],"collection":[{"href":"https:\/\/www.europesays.com\/ee\/wp-json\/wp\/v2\/posts"}],"about":[{"href":"https:\/\/www.europesays.com\/ee\/wp-json\/wp\/v2\/types\/post"}],"author":[{"embeddable":true,"href":"https:\/\/www.europesays.com\/ee\/wp-json\/wp\/v2\/users\/2"}],"replies":[{"embeddable":true,"href":"https:\/\/www.europesays.com\/ee\/wp-json\/wp\/v2\/comments?post=27103"}],"version-history":[{"count":0,"href":"https:\/\/www.europesays.com\/ee\/wp-json\/wp\/v2\/posts\/27103\/revisions"}],"wp:featuredmedia":[{"embeddable":true,"href":"https:\/\/www.europesays.com\/ee\/wp-json\/wp\/v2\/media\/27104"}],"wp:attachment":[{"href":"https:\/\/www.europesays.com\/ee\/wp-json\/wp\/v2\/media?parent=27103"}],"wp:term":[{"taxonomy":"category","embeddable":true,"href":"https:\/\/www.europesays.com\/ee\/wp-json\/wp\/v2\/categories?post=27103"},{"taxonomy":"post_tag","embeddable":true,"href":"https:\/\/www.europesays.com\/ee\/wp-json\/wp\/v2\/tags?post=27103"}],"curies":[{"name":"wp","href":"https:\/\/api.w.org\/{rel}","templated":true}]}}