{"id":27269,"date":"2025-10-25T11:20:07","date_gmt":"2025-10-25T11:20:07","guid":{"rendered":"https:\/\/www.europesays.com\/ee\/27269\/"},"modified":"2025-10-25T11:20:07","modified_gmt":"2025-10-25T11:20:07","slug":"fotod-%e2%9f%a9-zurii-tunnustas-viljandi-kauneimaid-maju","status":"publish","type":"post","link":"https:\/\/www.europesays.com\/ee\/27269\/","title":{"rendered":"FOTOD \u27e9 \u017d\u00fcrii tunnustas Viljandi kauneimaid maju"},"content":{"rendered":"<p>\u201eHindamiskomisjoni t\u00f6\u00f6 on alati p\u00f5nev, ent samal ajal ka n\u00f5udlik,\u201c \u00fctles konkursi Kaunis Viljandi \u017e\u00fcrii esimees Peedu P\u00f5ld. \u201eIgal aastal seisame silmitsi k\u00fcsimusega, kuidas v\u00f5rrelda v\u00f5rreldamatut ehk ilu. Mul on t\u00f5eliselt hea meel, et ka t\u00e4navu leidis komisjon \u00fcksmeele ning sai esile t\u00f5sta need paigad ja inimesed, kes teevad Viljandi veelgi kaunimaks.\u201c<\/p>\n<p>Konkursi Kaunis Viljandi eesm\u00e4rk on Viljandi linna kinnistute omanike ja elanike tunnustamine linnaruumi kaunimaks muutmisel. Konkursiga hinnatati kinnistu ja ehitise visuaalset ning arhitektuurset terviklikkust, sealhulgas v\u00e4rvilahendust, haljastust, \u00fcldist heakorda, ehitiste sobitumist keskkonda, v\u00e4ikevorme ja muid kujunduslikke elemente.\u00a0<\/p>\n","protected":false},"excerpt":{"rendered":"\u201eHindamiskomisjoni t\u00f6\u00f6 on alati p\u00f5nev, ent samal ajal ka n\u00f5udlik,\u201c \u00fctles konkursi Kaunis Viljandi \u017e\u00fcrii esimees Peedu P\u00f5ld.&hellip;\n","protected":false},"author":2,"featured_media":27270,"comment_status":"","ping_status":"","sticky":false,"template":"","format":"standard","meta":{"footnotes":"","_share_on_mastodon":"0"},"categories":[5],"tags":[14690,26,27,37,33,35,34,36,31,32,21,14688,28,29,19,25,14689,23,24,22,20,30],"class_list":["post-27269","post","type-post","status-publish","format-standard","has-post-thumbnail","category-uldised-uudised","tag-auhinnad","tag-breaking-news","tag-breakingnews","tag-ee","tag-eesti","tag-eesti-keel","tag-estonia","tag-estonian","tag-featured-news","tag-featurednews","tag-headlines","tag-kaunis-viljandi","tag-latest-news","tag-latestnews","tag-news","tag-populaarseimad-lood","tag-preemiad","tag-top-stories","tag-topstories","tag-uldised-uudised","tag-uudised","tag-viimased-uudised"],"share_on_mastodon":{"url":"https:\/\/pubeurope.com\/@ee\/115434541759501610","error":""},"_links":{"self":[{"href":"https:\/\/www.europesays.com\/ee\/wp-json\/wp\/v2\/posts\/27269","targetHints":{"allow":["GET"]}}],"collection":[{"href":"https:\/\/www.europesays.com\/ee\/wp-json\/wp\/v2\/posts"}],"about":[{"href":"https:\/\/www.europesays.com\/ee\/wp-json\/wp\/v2\/types\/post"}],"author":[{"embeddable":true,"href":"https:\/\/www.europesays.com\/ee\/wp-json\/wp\/v2\/users\/2"}],"replies":[{"embeddable":true,"href":"https:\/\/www.europesays.com\/ee\/wp-json\/wp\/v2\/comments?post=27269"}],"version-history":[{"count":0,"href":"https:\/\/www.europesays.com\/ee\/wp-json\/wp\/v2\/posts\/27269\/revisions"}],"wp:featuredmedia":[{"embeddable":true,"href":"https:\/\/www.europesays.com\/ee\/wp-json\/wp\/v2\/media\/27270"}],"wp:attachment":[{"href":"https:\/\/www.europesays.com\/ee\/wp-json\/wp\/v2\/media?parent=27269"}],"wp:term":[{"taxonomy":"category","embeddable":true,"href":"https:\/\/www.europesays.com\/ee\/wp-json\/wp\/v2\/categories?post=27269"},{"taxonomy":"post_tag","embeddable":true,"href":"https:\/\/www.europesays.com\/ee\/wp-json\/wp\/v2\/tags?post=27269"}],"curies":[{"name":"wp","href":"https:\/\/api.w.org\/{rel}","templated":true}]}}