{"id":27298,"date":"2025-10-25T12:22:22","date_gmt":"2025-10-25T12:22:22","guid":{"rendered":"https:\/\/www.europesays.com\/ee\/27298\/"},"modified":"2025-10-25T12:22:22","modified_gmt":"2025-10-25T12:22:22","slug":"keila-coolbet-naaseb-latist-kaotusega","status":"publish","type":"post","link":"https:\/\/www.europesays.com\/ee\/27298\/","title":{"rendered":"Keila Coolbet naaseb L\u00e4tist kaotusega"},"content":{"rendered":"<p>V\u00f5\u00f5rustajad v\u00f5itsid avaveerandi 24:15, avapoolaja j\u00e4rel oli Valmiera edu 44:36. Kolmandal veerandajal m\u00e4ngisid <a rel=\"noopener nofollow\" target=\"_blank\" href=\"https:\/\/www.delfi.ee\/teema\/65992000\/peep-pahv\" tag-id=\"65992000\">Peep Pahvi<\/a> hoolealused vahe korra kahele silmale (48:50), aga vaatuse l\u00f5puks oli k\u00fclaliste kaotusseis 56:68. Viimasel neljandikul vormistas Valmiera 17-punktilise v\u00f5idu.<\/p>\n<p>V\u00f5itjate poolel j\u00f5udsid kahekohalise punktiarvuni kuus meest, resultatiivseim oli Verners Kohs 18 punktiga. Keila leegion\u00e4r Isaiah Thompson viskas \u00fcleplatsimehena 21 punkti ja noppis 13 lauapalli. Christopher Lenk lisas 14, Mario Spaleta 12 ja Patrik Saal k\u00fcmme silma.<\/p>\n<p>Valmiera on v\u00f5itnud k\u00f5ik viis senist m\u00e4ngu, Coolbet sai \u00fche v\u00f5idu k\u00f5rvale kolmanda kaotuse. Keila Coolbet peab Eesti-L\u00e4ti liigas j\u00e4rgmise m\u00e4ngu 31. oktoobril, kui v\u00f5\u00f5rustatakse L\u00e4ti \u00dclikooli. Vahepeal (29. oktoobril) m\u00e4ngitakse P\u00f5hja-Euroopa korvpalliliiga raames v\u00f5\u00f5rsil Gimle Basketiga (Norra).<\/p>\n<p>Teistes reedestes kohtumistes v\u00f5itis BK Ventspils kodus L\u00e4ti \u00dclikooli 105:88 ja Riia Zelli koduv\u00e4ljakul BK Liepajat 109:71.<\/p>\n<p>Laup\u00e4eval on kavas kolm m\u00e4ngu, kui TalTech\/Alexela v\u00f5\u00f5rustab Tartu \u00dclikool Maks &amp; Mooritsat (17.00), samal ajal kohtuvad Transcom P\u00e4rnu ja BC Kalev\/Cramo. Kell 18 v\u00f5\u00f5rustab Keila KK l\u00e4tlaste BK Ogret. K\u00f5igist kolmest m\u00e4ngust teeb Delfi TV ka otse\u00fclekande.<\/p>\n<p>    Kuidas see lugu Sind end tundma pani?<br \/>\n        Saada<br \/>\n           <a href=\"https:\/\/sport.delfi.ee\/artikkel\/120412693\/keila-coolbet-naaseb-latist-kaotusega\/kommentaarid\" class=\"article-body-bottom__comment article-body-bottom__comment--write button button--primary button--size-auto\" rel=\"nofollow noopener\" target=\"_blank\"><br \/>\n        Kommenteeri<br \/>\n       <\/a> <a href=\"https:\/\/sport.delfi.ee\/artikkel\/120412693\/keila-coolbet-naaseb-latist-kaotusega\/kommentaarid\" class=\"article-body-bottom__comment article-body-bottom__comment--read button button--size-auto\" rel=\"nofollow noopener\" target=\"_blank\"><br \/>\n        Loe kommentaare (2) <\/a>  <\/p>\n","protected":false},"excerpt":{"rendered":"V\u00f5\u00f5rustajad v\u00f5itsid avaveerandi 24:15, avapoolaja j\u00e4rel oli Valmiera edu 44:36. Kolmandal veerandajal m\u00e4ngisid Peep Pahvi hoolealused vahe korra&hellip;\n","protected":false},"author":2,"featured_media":16582,"comment_status":"","ping_status":"","sticky":false,"template":"","format":"standard","meta":{"footnotes":""},"categories":[18],"tags":[37,33,35,3946,34,36,3216,3215,159,158,7946],"class_list":{"0":"post-27298","1":"post","2":"type-post","3":"status-publish","4":"format-standard","5":"has-post-thumbnail","7":"category-sport","8":"tag-ee","9":"tag-eesti","10":"tag-eesti-keel","11":"tag-eesti-lati-korvpalliliiga","12":"tag-estonia","13":"tag-estonian","14":"tag-keila-coolbet","15":"tag-peep-pahv","16":"tag-sport","17":"tag-sports","18":"tag-valmiera"},"share_on_mastodon":{"url":"https:\/\/pubeurope.com\/@ee\/115434785685237896","error":""},"_links":{"self":[{"href":"https:\/\/www.europesays.com\/ee\/wp-json\/wp\/v2\/posts\/27298","targetHints":{"allow":["GET"]}}],"collection":[{"href":"https:\/\/www.europesays.com\/ee\/wp-json\/wp\/v2\/posts"}],"about":[{"href":"https:\/\/www.europesays.com\/ee\/wp-json\/wp\/v2\/types\/post"}],"author":[{"embeddable":true,"href":"https:\/\/www.europesays.com\/ee\/wp-json\/wp\/v2\/users\/2"}],"replies":[{"embeddable":true,"href":"https:\/\/www.europesays.com\/ee\/wp-json\/wp\/v2\/comments?post=27298"}],"version-history":[{"count":0,"href":"https:\/\/www.europesays.com\/ee\/wp-json\/wp\/v2\/posts\/27298\/revisions"}],"wp:featuredmedia":[{"embeddable":true,"href":"https:\/\/www.europesays.com\/ee\/wp-json\/wp\/v2\/media\/16582"}],"wp:attachment":[{"href":"https:\/\/www.europesays.com\/ee\/wp-json\/wp\/v2\/media?parent=27298"}],"wp:term":[{"taxonomy":"category","embeddable":true,"href":"https:\/\/www.europesays.com\/ee\/wp-json\/wp\/v2\/categories?post=27298"},{"taxonomy":"post_tag","embeddable":true,"href":"https:\/\/www.europesays.com\/ee\/wp-json\/wp\/v2\/tags?post=27298"}],"curies":[{"name":"wp","href":"https:\/\/api.w.org\/{rel}","templated":true}]}}