{"id":28178,"date":"2025-10-26T23:31:07","date_gmt":"2025-10-26T23:31:07","guid":{"rendered":"https:\/\/www.europesays.com\/ee\/28178\/"},"modified":"2025-10-26T23:31:07","modified_gmt":"2025-10-26T23:31:07","slug":"vilniuse-lennujaam-suleti-taas-maailm-postimees-ee","status":"publish","type":"post","link":"https:\/\/www.europesays.com\/ee\/28178\/","title":{"rendered":"Vilniuse lennujaam suleti taas &#8211; Maailm &#8211; Postimees.ee"},"content":{"rendered":"<ol>\n<li><a href=\"https:\/\/news.google.com\/rss\/articles\/CBMidEFVX3lxTE8td3kxQlFScG10Vjc4LVdaSmxwMk02UGxiVnVUUFlBWk9ZNlhrWlhudy1fbEk0ZS1sZ1I0cGtVV1YwS1NQSkZoODRIcFJ0TU5hQTdtOXNOOXlMMFhHdWgxODljUEd5aHJmaXVUU2xZWFgwMWV6?oc=5\" target=\"_blank\" rel=\"nofollow noopener\">Vilniuse lennujaam suleti taas<\/a>&nbsp;&nbsp;Maailm &#8211; Postimees.ee<\/li>\n<li><a href=\"https:\/\/news.google.com\/rss\/articles\/CBMijAFBVV95cUxQaThOR2Y0TU5BMVFZckVxXzhZVVhNeFQ1aVJabkxRWU94cEJQY3F2ZEVPUC05QXh5bExhaHptaVZuN3pYZkNlWktLQ2lZb0t5MkpKb3A0Y3VsUFo1bkxOWjZVcWNwdDJianZ4VjBqNldPalhZTmlON3JsOG1WRTlYZDFyX1FFY2ZmVWtQQQ?oc=5\" target=\"_blank\" rel=\"nofollow noopener\">Leedu sulges \u00f5hupallide t\u00f5ttu taas Vilniuse lennujaama<\/a>&nbsp;&nbsp;ERR<\/li>\n<li><a href=\"https:\/\/news.google.com\/rss\/articles\/CBMimgFBVV95cUxNcmFUU19DaE9sT0x3Y0U4eUVnd0NjakNDN2dnZExLXzlsemo1Q0JULWU2US16TlRaVnBMVnBZR01HQ3ZuSHROUFotdHlPWF9XNHlhaWZvaGdONG1RaVlZai1WWkpfcnRGVmRMN2ktVWU2eTBoMnJaMEtLTldzeVd4MnRmVWZIQXFlaFZ6WUVySWtoSjRnMEExQWV3?oc=5\" target=\"_blank\" rel=\"nofollow noopener\">Leedu v\u00f5ib vastuseks \u00f5hupalliterrorile sulgeda piiri Valgevenega<\/a>&nbsp;&nbsp;ERR<\/li>\n<li><a href=\"https:\/\/news.google.com\/rss\/articles\/CBMilgFBVV95cUxQd2N2d21HUi1UMEdwcVBpcHNvS2gyclBaem1mdjlldVRVd18zSWxfdHAwX1Z6eXdUcmZabUNrNTJfU3VEMDNCYkdCMkhhMnNVSWxTNUtCQkpqWm5OZUJqVElKNHFIX0dfdGF4cWFCNnE5cEtuZ19NZk9mUXVzM2IyTG5KUHBUWGRKbXItZWFyVG9wSHNKWnc?oc=5\" target=\"_blank\" rel=\"nofollow noopener\">Leedu sulges \u00f5hupallide t\u00f5ttu Vilniuse lennujaama<\/a>&nbsp;&nbsp;\u00c4rip\u00e4ev<\/li>\n<li><a href=\"https:\/\/news.google.com\/rss\/articles\/CBMilwFBVV95cUxPbXpsUE1PRlRvYkg3Z1gtc2pia3c1aEVBT0FYdkpWMW40dnAyVXJIN1dEdmZ2cDk2eDByNDJuQzcwcFVFRnlUbVgzQmEyV3g4VjNLaHJxMXB1TFFxUlJtXzItRVR0R3hZQk5XbGQ5ZlYwdXkweURidkVWVUp4MHp6RWpQQzVmUWpGaFljT093SzRTNjdaMG9n?oc=5\" target=\"_blank\" rel=\"nofollow noopener\">Venemaal on paanika, kuna Leedu blokeerib transiidi Kaliningradi<\/a>&nbsp;&nbsp;eestinen<\/li>\n<\/ol>\n","protected":false},"excerpt":{"rendered":"Vilniuse lennujaam suleti taas&nbsp;&nbsp;Maailm &#8211; Postimees.ee Leedu sulges \u00f5hupallide t\u00f5ttu taas Vilniuse lennujaama&nbsp;&nbsp;ERR Leedu v\u00f5ib vastuseks \u00f5hupalliterrorile sulgeda&hellip;\n","protected":false},"author":2,"featured_media":27490,"comment_status":"","ping_status":"","sticky":false,"template":"","format":"standard","meta":{"footnotes":"","_share_on_mastodon":"0"},"categories":[80],"tags":[26,27,37,33,35,34,36,31,32,21,28,29,115,15005,15006,767,95,19,11147,1670,15004,25,23,24,22,20,2170,30,7911,8137,92,93,94],"class_list":["post-28178","post","type-post","status-publish","format-standard","has-post-thumbnail","category-maailm","tag-breaking-news","tag-breakingnews","tag-ee","tag-eesti","tag-eesti-keel","tag-estonia","tag-estonian","tag-featured-news","tag-featurednews","tag-headlines","tag-latest-news","tag-latestnews","tag-leedu","tag-lennud","tag-lennud-tuhistatud","tag-lennujaam","tag-maailm","tag-news","tag-ohupallid","tag-ohuruum","tag-ohuruumi-sulgemine","tag-populaarseimad-lood","tag-top-stories","tag-topstories","tag-uldised-uudised","tag-uudised","tag-valgevene","tag-viimased-uudised","tag-vilnius","tag-vilniuse-lennujaam","tag-world","tag-world-news","tag-worldnews"],"share_on_mastodon":{"url":"https:\/\/pubeurope.com\/@ee\/115443078565693294","error":""},"_links":{"self":[{"href":"https:\/\/www.europesays.com\/ee\/wp-json\/wp\/v2\/posts\/28178","targetHints":{"allow":["GET"]}}],"collection":[{"href":"https:\/\/www.europesays.com\/ee\/wp-json\/wp\/v2\/posts"}],"about":[{"href":"https:\/\/www.europesays.com\/ee\/wp-json\/wp\/v2\/types\/post"}],"author":[{"embeddable":true,"href":"https:\/\/www.europesays.com\/ee\/wp-json\/wp\/v2\/users\/2"}],"replies":[{"embeddable":true,"href":"https:\/\/www.europesays.com\/ee\/wp-json\/wp\/v2\/comments?post=28178"}],"version-history":[{"count":0,"href":"https:\/\/www.europesays.com\/ee\/wp-json\/wp\/v2\/posts\/28178\/revisions"}],"wp:featuredmedia":[{"embeddable":true,"href":"https:\/\/www.europesays.com\/ee\/wp-json\/wp\/v2\/media\/27490"}],"wp:attachment":[{"href":"https:\/\/www.europesays.com\/ee\/wp-json\/wp\/v2\/media?parent=28178"}],"wp:term":[{"taxonomy":"category","embeddable":true,"href":"https:\/\/www.europesays.com\/ee\/wp-json\/wp\/v2\/categories?post=28178"},{"taxonomy":"post_tag","embeddable":true,"href":"https:\/\/www.europesays.com\/ee\/wp-json\/wp\/v2\/tags?post=28178"}],"curies":[{"name":"wp","href":"https:\/\/api.w.org\/{rel}","templated":true}]}}