{"id":30080,"date":"2025-10-29T09:32:09","date_gmt":"2025-10-29T09:32:09","guid":{"rendered":"https:\/\/www.europesays.com\/ee\/30080\/"},"modified":"2025-10-29T09:32:09","modified_gmt":"2025-10-29T09:32:09","slug":"eesti-laulu-konkursil-neljanda-koha-palvinud-janek-proovib-lauluvoistlusel-taas-onne-ma-ei-tea-kas-suudan-seda-pala-kunagi-uletada","status":"publish","type":"post","link":"https:\/\/www.europesays.com\/ee\/30080\/","title":{"rendered":"Eesti Laulu konkursil neljanda koha p\u00e4lvinud Janek proovib lauluv\u00f5istlusel taas \u00f5nne. \u201eMa ei tea, kas suudan seda pala kunagi \u00fcletada!\u201c"},"content":{"rendered":"<p>M\u00f6\u00f6dunud Eesti Laulu finaalis k\u00f5rge neljanda koha p\u00e4lvinud artist Janek astus toona v\u00f5istlustulle palaga \u201eFrozen\u201c . Tema lavas\u00f5u j\u00e4i eelk\u00f5ige meelde klaaskuubiku j\u00e4rgi, mille sees ta laulis. Lavas\u00f5u jooksul j\u00e4\u00e4tus see kuubik \u00fcdini. Efektne s\u00f5u ja vokaal p\u00e4lvisid Eesti Laulu esimeses h\u00e4\u00e4letusvoorus 1393 h\u00e4\u00e4lt. \u017d\u00fcrii andis artistile 58 punkti, millega Janek t\u00f5usis \u017e\u00fcrii punktitabelis kolmandale kohale. Lauluv\u00f5istlusel j\u00e4i ta kokkuv\u00f5ttes napilt superfinaalist v\u00e4lja.<\/p>\n<p>Hiljaaegu vihjas aga Janek platvormil X, et ta on esitanud taaskord Eesti Laulu konkursile oma uue muusikapala. \u201eSee on selline laul, mida ma arvasin, et minul kunagi artistina ei ole. Ma ei tea, kas suudan seda kunagi \u00fcletada&#8230;kiirus, energia, emotsioon, k\u00fclmav\u00e4rinad, m\u00fcsteerium \u2013 k\u00f5ik \u00fches,\u201c seisis tema postitatud s\u00e4utsus. Muusik lisas teemaviidetena juurde ka Eesti Laulu ning Eurovisioni.<\/p>\n<p>Janek on kolmas kohalik artist, kes on avalikult teada andnud, et ta kandideerib oma looga Eesti Laulu konkursile. Ka elukaaslased <a rel=\"noopener nofollow\" target=\"_blank\" href=\"https:\/\/www.delfi.ee\/teema\/451\/mari-leen-kaselaan\" tag-id=\"451\">Mari-Leen Kaselaan<\/a> ning <a rel=\"noopener nofollow\" target=\"_blank\" href=\"https:\/\/www.delfi.ee\/teema\/25595647\/aleksander-ots\" tag-id=\"25595647\">Aleksander Ots<\/a> on teada andnud, et esitasid oma pala lauluv\u00f5istlusele. Selle tarvis l\u00f5id nad isegi uue b\u00e4ndi, mis kannab nime  Mari-Leen ja Sass.<\/p>\n<p>Lisaks teatas r\u00e4ppar M\u00e4x (<a rel=\"noopener nofollow\" target=\"_blank\" href=\"https:\/\/www.delfi.ee\/teema\/96879954\/max-oispuu\" tag-id=\"96879954\">Max \u00d5ispuu<\/a>) vahetult p\u00e4rast Eesti Laulule lugude esitamise t\u00e4htaja kukkumist sotsiaalmeedias, et tuleval aastal soovib ka tema lauluv\u00f5istlusel s\u00e4rada. J\u00e4rgmises Instagrami postitatud story\u2019s k\u00fcsis M\u00e4x oma lavapartnerilt ja healt s\u00f5bralt Clicherikult, kas ta on eesootavaks valmis. Too kinnitas, et on. Ka Clicheriku &amp; M\u00e4xi plaadifirma Universal Music postitas \u00fchismeediasse, et r\u00e4piduo proovib Eesti Laulule saada.<\/p>\n<p>Rohkem kui n\u00e4dal tagasi l\u00f5ppes lugude esitamine Eesti Laulu konkursile. Lauluv\u00f5istlusele p\u00fc\u00fcab seekord p\u00e4\u00e4seda 171 laulu. Konkursile esitatud lugudest 77 on eestikeelsed ja 94 v\u00f5\u00f5rkeelsed. Lisaks eesti autoritele on lugusid esitatud isegi Brasiiliast ja Austraaliast, r\u00e4\u00e4kimata Euroopa riikidest. Eri koost\u00f6\u00f6vormides p\u00fcrgivad seekordsele konkursile 20 riigi esindajad.<\/p>\n<p>    Kuidas see lugu Sind end tundma pani?<br \/>\n        Saada<br \/>\n           <a href=\"https:\/\/kroonika.delfi.ee\/artikkel\/120413470\/eesti-laulu-konkursil-neljanda-koha-palvinud-janek-proovib-lauluvoistlusel-taas-onne-ma-ei-tea-kas-suudan-seda-pala-kunagi-uletada\/kommentaarid\" class=\"article-body-bottom__comment article-body-bottom__comment--write button button--primary button--size-auto\" rel=\"nofollow noopener\" target=\"_blank\"><br \/>\n        Kommenteeri<br \/>\n       <\/a> <a href=\"https:\/\/kroonika.delfi.ee\/artikkel\/120413470\/eesti-laulu-konkursil-neljanda-koha-palvinud-janek-proovib-lauluvoistlusel-taas-onne-ma-ei-tea-kas-suudan-seda-pala-kunagi-uletada\/kommentaarid\" class=\"article-body-bottom__comment article-body-bottom__comment--read button button--size-auto\" rel=\"nofollow noopener\" target=\"_blank\"><br \/>\n        Loe kommentaare (4) <\/a>  <\/p>\n","protected":false},"excerpt":{"rendered":"M\u00f6\u00f6dunud Eesti Laulu finaalis k\u00f5rge neljanda koha p\u00e4lvinud artist Janek astus toona v\u00f5istlustulle palaga \u201eFrozen\u201c . Tema lavas\u00f5u&hellip;\n","protected":false},"author":2,"featured_media":30081,"comment_status":"","ping_status":"","sticky":false,"template":"","format":"standard","meta":{"footnotes":"","_share_on_mastodon":"0"},"categories":[16],"tags":[15912,37,33,35,173,34,36,15913,15911,3153,140],"class_list":["post-30080","post","type-post","status-publish","format-standard","has-post-thumbnail","category-meelelahutus","tag-aleksander-ots","tag-ee","tag-eesti","tag-eesti-keel","tag-entertainment","tag-estonia","tag-estonian","tag-janek-valgepea","tag-mari-leen-kaselaan","tag-max-oispuu","tag-meelelahutus"],"share_on_mastodon":{"url":"https:\/\/pubeurope.com\/@ee\/115456766408847328","error":""},"_links":{"self":[{"href":"https:\/\/www.europesays.com\/ee\/wp-json\/wp\/v2\/posts\/30080","targetHints":{"allow":["GET"]}}],"collection":[{"href":"https:\/\/www.europesays.com\/ee\/wp-json\/wp\/v2\/posts"}],"about":[{"href":"https:\/\/www.europesays.com\/ee\/wp-json\/wp\/v2\/types\/post"}],"author":[{"embeddable":true,"href":"https:\/\/www.europesays.com\/ee\/wp-json\/wp\/v2\/users\/2"}],"replies":[{"embeddable":true,"href":"https:\/\/www.europesays.com\/ee\/wp-json\/wp\/v2\/comments?post=30080"}],"version-history":[{"count":0,"href":"https:\/\/www.europesays.com\/ee\/wp-json\/wp\/v2\/posts\/30080\/revisions"}],"wp:featuredmedia":[{"embeddable":true,"href":"https:\/\/www.europesays.com\/ee\/wp-json\/wp\/v2\/media\/30081"}],"wp:attachment":[{"href":"https:\/\/www.europesays.com\/ee\/wp-json\/wp\/v2\/media?parent=30080"}],"wp:term":[{"taxonomy":"category","embeddable":true,"href":"https:\/\/www.europesays.com\/ee\/wp-json\/wp\/v2\/categories?post=30080"},{"taxonomy":"post_tag","embeddable":true,"href":"https:\/\/www.europesays.com\/ee\/wp-json\/wp\/v2\/tags?post=30080"}],"curies":[{"name":"wp","href":"https:\/\/api.w.org\/{rel}","templated":true}]}}