{"id":30667,"date":"2025-10-30T01:20:07","date_gmt":"2025-10-30T01:20:07","guid":{"rendered":"https:\/\/www.europesays.com\/ee\/30667\/"},"modified":"2025-10-30T01:20:07","modified_gmt":"2025-10-30T01:20:07","slug":"maaklerid-raagivad-oma-koige-mustilisematest-kogemustest","status":"publish","type":"post","link":"https:\/\/www.europesays.com\/ee\/30667\/","title":{"rendered":"maaklerid r\u00e4\u00e4givad oma k\u00f5ige m\u00fcstilisematest kogemustest"},"content":{"rendered":"<p>Hingedep\u00e4eva eel tunnistavad mitmed Eesti maaklerid, et on oma t\u00f6\u00f6 k\u00e4igus kogenud olukordi, mida ratsionaalselt selgitada ei anna. Uksed, mis pauguvad iseenesest kinni, rasked energiad ning majad mis justkui ootavad \u201e\u00f5iget\u201c pererahvast. Harvad pole ka olukorrad, kus kliendid k\u00fcsivad otse: \u201eKas siin majas kummitab?\u201c<\/p>\n<p>Lahe Kinnisvara Viljandi maakler \u00dclle Mainsoo \u00fctleb, et vanade majade puhul kerkib kummituste teema sageli \u00fcles. \u201eVanades talumajades peetakse loomulikuks, et keegi on sinna kunagi surnud. Vanasti suridki inimesed ju enamasti kodus,\u201c r\u00e4\u00e4kis ta.<\/p>\n<p>Lisaks uuritakse tihti, kas majast on kedagi k\u00fc\u00fcditatud, kas s\u00f5ja ajal on \u00f5uel toimunud mahalaskmisi v\u00f5i kas keegi on krundile maetud. \u201eOn olnud huvilisi, kes k\u00e4ivad pendliga nii majas kui \u00f5ues, et energiav\u00e4lju ja veesooni tunnetada,\u201c \u00fctles ta.<\/p>\n","protected":false},"excerpt":{"rendered":"Hingedep\u00e4eva eel tunnistavad mitmed Eesti maaklerid, et on oma t\u00f6\u00f6 k\u00e4igus kogenud olukordi, mida ratsionaalselt selgitada ei anna.&hellip;\n","protected":false},"author":2,"featured_media":30668,"comment_status":"","ping_status":"","sticky":false,"template":"","format":"standard","meta":{"footnotes":""},"categories":[18],"tags":[37,33,35,16221,34,36,16220,16225,16224,16222,16226,159,158,16223,16219],"class_list":{"0":"post-30667","1":"post","2":"type-post","3":"status-publish","4":"format-standard","5":"has-post-thumbnail","7":"category-sport","8":"tag-ee","9":"tag-eesti","10":"tag-eesti-keel","11":"tag-elis-pihl","12":"tag-estonia","13":"tag-estonian","14":"tag-kalju-paldis","15":"tag-kate-kivi","16":"tag-ketlyn-villem","17":"tag-paranormaalsed-nahtused","18":"tag-relika-laan","19":"tag-sport","20":"tag-sports","21":"tag-ulle-mainsoo","22":"tag-vaimud"},"share_on_mastodon":{"url":"https:\/\/pubeurope.com\/@ee\/115460493972190871","error":""},"_links":{"self":[{"href":"https:\/\/www.europesays.com\/ee\/wp-json\/wp\/v2\/posts\/30667","targetHints":{"allow":["GET"]}}],"collection":[{"href":"https:\/\/www.europesays.com\/ee\/wp-json\/wp\/v2\/posts"}],"about":[{"href":"https:\/\/www.europesays.com\/ee\/wp-json\/wp\/v2\/types\/post"}],"author":[{"embeddable":true,"href":"https:\/\/www.europesays.com\/ee\/wp-json\/wp\/v2\/users\/2"}],"replies":[{"embeddable":true,"href":"https:\/\/www.europesays.com\/ee\/wp-json\/wp\/v2\/comments?post=30667"}],"version-history":[{"count":0,"href":"https:\/\/www.europesays.com\/ee\/wp-json\/wp\/v2\/posts\/30667\/revisions"}],"wp:featuredmedia":[{"embeddable":true,"href":"https:\/\/www.europesays.com\/ee\/wp-json\/wp\/v2\/media\/30668"}],"wp:attachment":[{"href":"https:\/\/www.europesays.com\/ee\/wp-json\/wp\/v2\/media?parent=30667"}],"wp:term":[{"taxonomy":"category","embeddable":true,"href":"https:\/\/www.europesays.com\/ee\/wp-json\/wp\/v2\/categories?post=30667"},{"taxonomy":"post_tag","embeddable":true,"href":"https:\/\/www.europesays.com\/ee\/wp-json\/wp\/v2\/tags?post=30667"}],"curies":[{"name":"wp","href":"https:\/\/api.w.org\/{rel}","templated":true}]}}