{"id":3119,"date":"2025-09-23T16:34:06","date_gmt":"2025-09-23T16:34:06","guid":{"rendered":"https:\/\/www.europesays.com\/ee\/3119\/"},"modified":"2025-09-23T16:34:06","modified_gmt":"2025-09-23T16:34:06","slug":"alex-matthias-tamme-koduklubi-asub-juhendama-endine-messi-tiimikaaslane","status":"publish","type":"post","link":"https:\/\/www.europesays.com\/ee\/3119\/","title":{"rendered":"Alex Matthias Tamme koduklubi asub juhendama endine Messi tiimikaaslane"},"content":{"rendered":"<p>41-aastasel Bessone&#8217;il\u00a0on selja taga mitmek\u00fclgne m\u00e4ngijakarj\u00e4\u00e4r. Ta kasvas \u00fcles FC Barcelona noorteakadeemias La Masias, kus tema tiimikaaslaseks oli teiste seas Lionel Messi.<\/p>\n<p>Suurema osa\u00a0profikarj\u00e4\u00e4rist veetis ta Inglismaal, kus kandis nii\u00a0Leedsi\u00a0Unitedi\u00a0(2010\u20132011), Charltoni\u00a0Athleticu\u00a0(2011, laenul), Swansea City (2011\u20132012)\u200b,\u00a0Swindoni\u00a0Towni (2012), Oldhami\u00a0Athleticu\u00a0(2013) kui\u200b ka\u00a0Millwalli\u00a0(2014) s\u00e4rki.<\/p>\n","protected":false},"excerpt":{"rendered":"41-aastasel Bessone&#8217;il\u00a0on selja taga mitmek\u00fclgne m\u00e4ngijakarj\u00e4\u00e4r. Ta kasvas \u00fcles FC Barcelona noorteakadeemias La Masias, kus tema tiimikaaslaseks oli&hellip;\n","protected":false},"author":2,"featured_media":3120,"comment_status":"","ping_status":"","sticky":false,"template":"","format":"standard","meta":{"footnotes":"","_share_on_mastodon":"0"},"categories":[18],"tags":[915,37,33,35,34,36,2525,159,158],"class_list":["post-3119","post","type-post","status-publish","format-standard","has-post-thumbnail","category-sport","tag-alex-matthias-tamm","tag-ee","tag-eesti","tag-eesti-keel","tag-estonia","tag-estonian","tag-federico-bessone","tag-sport","tag-sports"],"share_on_mastodon":{"url":"","error":""},"_links":{"self":[{"href":"https:\/\/www.europesays.com\/ee\/wp-json\/wp\/v2\/posts\/3119","targetHints":{"allow":["GET"]}}],"collection":[{"href":"https:\/\/www.europesays.com\/ee\/wp-json\/wp\/v2\/posts"}],"about":[{"href":"https:\/\/www.europesays.com\/ee\/wp-json\/wp\/v2\/types\/post"}],"author":[{"embeddable":true,"href":"https:\/\/www.europesays.com\/ee\/wp-json\/wp\/v2\/users\/2"}],"replies":[{"embeddable":true,"href":"https:\/\/www.europesays.com\/ee\/wp-json\/wp\/v2\/comments?post=3119"}],"version-history":[{"count":0,"href":"https:\/\/www.europesays.com\/ee\/wp-json\/wp\/v2\/posts\/3119\/revisions"}],"wp:featuredmedia":[{"embeddable":true,"href":"https:\/\/www.europesays.com\/ee\/wp-json\/wp\/v2\/media\/3120"}],"wp:attachment":[{"href":"https:\/\/www.europesays.com\/ee\/wp-json\/wp\/v2\/media?parent=3119"}],"wp:term":[{"taxonomy":"category","embeddable":true,"href":"https:\/\/www.europesays.com\/ee\/wp-json\/wp\/v2\/categories?post=3119"},{"taxonomy":"post_tag","embeddable":true,"href":"https:\/\/www.europesays.com\/ee\/wp-json\/wp\/v2\/tags?post=3119"}],"curies":[{"name":"wp","href":"https:\/\/api.w.org\/{rel}","templated":true}]}}