{"id":31661,"date":"2025-10-31T07:59:07","date_gmt":"2025-10-31T07:59:07","guid":{"rendered":"https:\/\/www.europesays.com\/ee\/31661\/"},"modified":"2025-10-31T07:59:07","modified_gmt":"2025-10-31T07:59:07","slug":"ecuadori-klubi-mangis-libertadorese-poolfinaalis-suure-edu-maha-jalgpall","status":"publish","type":"post","link":"https:\/\/www.europesays.com\/ee\/31661\/","title":{"rendered":"Ecuadori klubi m\u00e4ngis Libertadorese poolfinaalis suure edu maha | Jalgpall"},"content":{"rendered":"<p>L\u00f5una-Ameerika t\u00e4htsaimal jalgpalli klubiturniiril Copa Libertadoresel selgitavad t\u00e4navu v\u00f5itja v\u00e4lja Brasiilia klubid Palmeiras ja Flamengo.<\/p>\n<p>Kolmekordne v\u00f5itja Palmeiras kaotas avam\u00e4ngu Ecuadori klubile Quito LDU-le 0:3, kuid teises vastasseisus roniti koduv\u00e4ljakul raskest seisust v\u00e4lja ja p\u00e4\u00e4seti kahe m\u00e4ngu kokkuv\u00f5ttes edasi tulemusega 4:3.\u00a0<\/p>\n<p>Avapoolajal said jala valgeks Ramon Sosa ja Bruno Fuchs ning teisel poolajal l\u00f5petasid tagasituleku Raphael Veiga kaks t\u00e4pset tabamust.<\/p>\n<blockquote class=\"twitter-tweet\" data-media-max-width=\"560\">\n<p lang=\"en\" dir=\"ltr\">\u26bd A historic Semifinal comeback from <a href=\"https:\/\/twitter.com\/Palmeiras?ref_src=twsrc%5Etfw\" rel=\"nofollow noopener\" target=\"_blank\">@Palmeiras<\/a>! \u26aa<\/p>\n<p>\u2b50 CONMEBOL <a href=\"https:\/\/twitter.com\/hashtag\/Libertadores?src=hash&amp;ref_src=twsrc%5Etfw\" rel=\"nofollow noopener\" target=\"_blank\">#Libertadores<\/a> | <a href=\"https:\/\/twitter.com\/hashtag\/GloriaEterna?src=hash&amp;ref_src=twsrc%5Etfw\" rel=\"nofollow noopener\" target=\"_blank\">#GloriaEterna<\/a> <a href=\"https:\/\/t.co\/c4QidJQqL1\" rel=\"nofollow\">pic.twitter.com\/c4QidJQqL1<\/a><\/p>\n<p>\u2014 CONMEBOL Libertadores (@TheLibertadores) <a href=\"https:\/\/twitter.com\/TheLibertadores\/status\/1984117521612496899?ref_src=twsrc%5Etfw\" rel=\"nofollow noopener\" target=\"_blank\">October 31, 2025<\/a><\/p><\/blockquote>\n<p>Kolme aasta tagune t\u0161empion Flamengo alistas poolfinaali avakohtumises argentiinlaste Racing Santanderi 1:0 ning korduskohtumises tehti v\u00e4ravateta viik.<\/p>\n<p>Flamengo pidi suure osa korduskohtumisest k\u00fcmnekesi m\u00e4ngima, sest 56. minutil sai punase kaardi \u00e4\u00e4rer\u00fcndaja Gonzalo Plata.<\/p>\n<p>Brasiilia meeskondade \u00fclev\u00f5im saab seega j\u00e4tku, sest viimasest \u00fcheksast aastast kaheksal on v\u00f5idukarikas r\u00e4nnanud Sambamaale. Finaal toimub 29. novembril Peruu pealinnas Limas.<\/p>\n<p><script async src=\"https:\/\/platform.twitter.com\/widgets.js\" charset=\"utf-8\"><\/script><\/p>\n","protected":false},"excerpt":{"rendered":"L\u00f5una-Ameerika t\u00e4htsaimal jalgpalli klubiturniiril Copa Libertadoresel selgitavad t\u00e4navu v\u00f5itja v\u00e4lja Brasiilia klubid Palmeiras ja Flamengo. Kolmekordne v\u00f5itja Palmeiras&hellip;\n","protected":false},"author":2,"featured_media":31662,"comment_status":"","ping_status":"","sticky":false,"template":"","format":"standard","meta":{"footnotes":"","_share_on_mastodon":"0"},"categories":[18],"tags":[4665,37,33,35,34,36,16647,16648,159,158],"class_list":["post-31661","post","type-post","status-publish","format-standard","has-post-thumbnail","category-sport","tag-copa-libertadores","tag-ee","tag-eesti","tag-eesti-keel","tag-estonia","tag-estonian","tag-flamengo","tag-palmeiras","tag-sport","tag-sports"],"share_on_mastodon":{"url":"https:\/\/pubeurope.com\/@ee\/115467725232529369","error":""},"_links":{"self":[{"href":"https:\/\/www.europesays.com\/ee\/wp-json\/wp\/v2\/posts\/31661","targetHints":{"allow":["GET"]}}],"collection":[{"href":"https:\/\/www.europesays.com\/ee\/wp-json\/wp\/v2\/posts"}],"about":[{"href":"https:\/\/www.europesays.com\/ee\/wp-json\/wp\/v2\/types\/post"}],"author":[{"embeddable":true,"href":"https:\/\/www.europesays.com\/ee\/wp-json\/wp\/v2\/users\/2"}],"replies":[{"embeddable":true,"href":"https:\/\/www.europesays.com\/ee\/wp-json\/wp\/v2\/comments?post=31661"}],"version-history":[{"count":0,"href":"https:\/\/www.europesays.com\/ee\/wp-json\/wp\/v2\/posts\/31661\/revisions"}],"wp:featuredmedia":[{"embeddable":true,"href":"https:\/\/www.europesays.com\/ee\/wp-json\/wp\/v2\/media\/31662"}],"wp:attachment":[{"href":"https:\/\/www.europesays.com\/ee\/wp-json\/wp\/v2\/media?parent=31661"}],"wp:term":[{"taxonomy":"category","embeddable":true,"href":"https:\/\/www.europesays.com\/ee\/wp-json\/wp\/v2\/categories?post=31661"},{"taxonomy":"post_tag","embeddable":true,"href":"https:\/\/www.europesays.com\/ee\/wp-json\/wp\/v2\/tags?post=31661"}],"curies":[{"name":"wp","href":"https:\/\/api.w.org\/{rel}","templated":true}]}}