{"id":31750,"date":"2025-10-31T09:46:07","date_gmt":"2025-10-31T09:46:07","guid":{"rendered":"https:\/\/www.europesays.com\/ee\/31750\/"},"modified":"2025-10-31T09:46:07","modified_gmt":"2025-10-31T09:46:07","slug":"uuel-nadalal-on-mitmed-liikluspiirangud","status":"publish","type":"post","link":"https:\/\/www.europesays.com\/ee\/31750\/","title":{"rendered":"Uuel n\u00e4dalal on mitmed liikluspiirangud"},"content":{"rendered":"<p>    Uuel n\u00e4dalal on mitmed liikluspiirangud<\/p>\n<p>Tartu Linnavalitsuse pressiteade<\/p>\n<p>                  <a href=\"https:\/\/tartu.ee\/sites\/default\/files\/field\/image\/RagnarVutt_1680_1.jpg\" rel=\"nofollow noopener\" target=\"_blank\"><\/p>\n<p><\/a><\/p>\n<p>                Foto: Ragnar Vutt\/Kaader.ee<\/p>\n<p>\n            31. oktoober 2025<br \/>\n \/<br \/>\n             Tartu linnas on tuleval n\u00e4dalal mitmeid liikluspiiranguid. Fortuuna ja Riia t\u00e4naval\u00a0remonditakse k\u00f5nniteed ning\u00a0N. Lunini ja Peetri t\u00e4naval tehakse kaevet\u00f6id.\n        <\/p>\n<p>Fortuuna t\u00e4nav\u00a0<\/p>\n<p>Fortuuna t\u00e4nava (l\u00f5igus Rahu sild \u2013 P\u00f5ik tn) j\u00f5epoolse k\u00f5nnitee remondiks\u00a0on 31. oktoobril, 3., 4.\u00a0ja 5. novembril\u00a0kell 9.00\u201316.00 p\u00e4\u00e4s Rahu sillalt Fortuuna t\u00e4navale \u00fcmber ohutussaare. Jalak\u00e4ijad suunatakse teisele tee poolele. <a class=\"has-icon_before\" href=\"https:\/\/tartu.ee\/sites\/default\/files\/uploads\/180-25-Tartu%20k%C3%B5nniteede%20remont%202%20Fortuuna.pdf\" target=\"_blank\" rel=\"nofollow noopener\">Liiklusskeem<\/a><\/p>\n<p>T\u00f6id teeb RoadWest O\u00dc. Ajutise liikluskorralduse eest vastutab\u00a0Madis P\u00e4rli, 51999488, <a href=\"http:\/\/tartu.ee\/cdn-cgi\/l\/email-protection#92fff3f6fbe1d2e0fdf3f6e5f7e1e6bcf7f7\" rel=\"nofollow noopener\" target=\"_blank\">[email\u00a0protected]<\/a>.<\/p>\n<p>Riia t\u00e4nav<\/p>\n<p>Riia t\u00e4nava (l\u00f5igus Raja tn \u2013 Soinaste tn) k\u00f5nnitee remondiks kehtestatakse s\u00f5idukitele antud l\u00f5igus\u00a01+1 liiklemine kuup\u00e4evadel 3.\u20137. november\u00a0ja kellaaegadel kell 9.00\u201316.00.\u00a0<a class=\"has-icon_before\" href=\"https:\/\/tartu.ee\/sites\/default\/files\/uploads\/180-25-Tartu%20k%C3%B5nniteede%20remont%20Riia%202.pdf\" target=\"_blank\" rel=\"nofollow noopener\">Liiklusskeem<\/a><\/p>\n<p>Liikluse kitsendamine on vajalik ohutuse tagamiseks ja ehitustehnika liikumiseks.<\/p>\n<p>Jalak\u00e4ijad suunatakse teisele tee poolele.<\/p>\n<p>T\u00f6id teeb RoadWest O\u00dc. Ajutise liikluskorralduse eest vastutab Madis P\u00e4rli, 51999488, <a href=\"http:\/\/tartu.ee\/cdn-cgi\/l\/email-protection#94f9f5f0fde7d4e6fbf5f0e3f1e7e0baf1f1\" rel=\"nofollow noopener\" target=\"_blank\">[email\u00a0protected]<\/a>.<\/p>\n<p>N. Lunini t\u00e4nav <\/p>\n<p>Vee- ja kanalisatsioonitorustiku ehitust\u00f6\u00f6deks\u00a0suletakse 4. novembril\u00a0kell 8.30 \u2013 17.00 l\u00e4bivale liiklusele N. Lunini t\u00e4nav (N. Lunini \u2013 S\u00e4de tn ristmikul). \u00dcmbers\u00f5iduna saab kasutada N. Lunini p\u00f5ik \u2013 L. Puusepa v\u00f5i Ravila \u2013 Viljandi mnt. Liinibussidele ja operatiivs\u00f5idukitele v\u00f5imaldatakse l\u00e4bip\u00e4\u00e4s.\u00a0<a class=\"has-icon_before\" href=\"https:\/\/tartu.ee\/sites\/default\/files\/uploads\/N.Lunini%20tn%20ja%20S%C3%A4de%20tn%20ristmik%2C%20V%2009.10.25.a..pdf\" target=\"_blank\" rel=\"nofollow noopener\">Liiklusskeem<\/a><\/p>\n<p>T\u00f6id teeb\u00a0O\u00dc Vesi. Ajutise liikluskorralduse eest vastutab Toivo Kaselaan, 5031695, <a href=\"http:\/\/tartu.ee\/cdn-cgi\/l\/email-protection#592d36302f367732382a3c35383837193e34383035773a3634\" rel=\"nofollow noopener\" target=\"_blank\">[email\u00a0protected]<\/a><\/p>\n<p>Peetri t\u00e4nav<\/p>\n<p>Soojatorustiku ehituseks\u00a0suletakse 5. novembril\u00a0kell 9.00 kuni 7. novembrini\u00a0kell 18.00 l\u00e4bivale liiklusele Peetri t\u00e4nav (Peetri 62 juures). \u00dcmbers\u00f5iduks saab kasutada Narva mnt \u2013 Puiestee tn \u2013 Liiva tn ja vastupidi. Teekatte taastamine on kavandatud 14. novembril kell 10.00-18.00 sama liikluskorralduse alusel.\u00a0<a href=\"https:\/\/tartu.ee\/sites\/default\/files\/uploads\/362-25-Peetri_0.pdf\" target=\"_blank\" rel=\"nofollow noopener\">Liiklusskeem<\/a><\/p>\n<p>T\u00f6id teeb Fimole O\u00dc. Ajutise liikluskorralduse eest vastutab\u00a0Kalle Kabanen, 5020311, <a href=\"http:\/\/tartu.ee\/cdn-cgi\/l\/email-protection#066d676a6a6346756464286363\" rel=\"nofollow noopener\" target=\"_blank\">[email\u00a0protected]<\/a>.<\/p>\n<p>Jooksvat liiklusinfot n\u00e4eb kaardilt:\u00a0<a href=\"https:\/\/liikluspiirangud.tartu.ee\/\" target=\"_blank\" rel=\"nofollow noopener\">liikluspiirangud.tartu.ee<\/a>.\u00a0<\/p>\n<p class=\"last-changed\">Viimati muudetud 31.10.2025<\/p>\n","protected":false},"excerpt":{"rendered":"Uuel n\u00e4dalal on mitmed liikluspiirangud Tartu Linnavalitsuse pressiteade Foto: Ragnar Vutt\/Kaader.ee 31. oktoober 2025 \/ Tartu linnas on&hellip;\n","protected":false},"author":2,"featured_media":31751,"comment_status":"","ping_status":"","sticky":false,"template":"","format":"standard","meta":{"footnotes":""},"categories":[12],"tags":[26,27,37,33,35,34,36,31,32,21,28,29,19,25,23,24,22,20,30],"class_list":{"0":"post-31750","1":"post","2":"type-post","3":"status-publish","4":"format-standard","5":"has-post-thumbnail","7":"category-eesti","8":"tag-breaking-news","9":"tag-breakingnews","10":"tag-ee","11":"tag-eesti","12":"tag-eesti-keel","13":"tag-estonia","14":"tag-estonian","15":"tag-featured-news","16":"tag-featurednews","17":"tag-headlines","18":"tag-latest-news","19":"tag-latestnews","20":"tag-news","21":"tag-populaarseimad-lood","22":"tag-top-stories","23":"tag-topstories","24":"tag-uldised-uudised","25":"tag-uudised","26":"tag-viimased-uudised"},"share_on_mastodon":{"url":"https:\/\/pubeurope.com\/@ee\/115468146007947802","error":""},"_links":{"self":[{"href":"https:\/\/www.europesays.com\/ee\/wp-json\/wp\/v2\/posts\/31750","targetHints":{"allow":["GET"]}}],"collection":[{"href":"https:\/\/www.europesays.com\/ee\/wp-json\/wp\/v2\/posts"}],"about":[{"href":"https:\/\/www.europesays.com\/ee\/wp-json\/wp\/v2\/types\/post"}],"author":[{"embeddable":true,"href":"https:\/\/www.europesays.com\/ee\/wp-json\/wp\/v2\/users\/2"}],"replies":[{"embeddable":true,"href":"https:\/\/www.europesays.com\/ee\/wp-json\/wp\/v2\/comments?post=31750"}],"version-history":[{"count":0,"href":"https:\/\/www.europesays.com\/ee\/wp-json\/wp\/v2\/posts\/31750\/revisions"}],"wp:featuredmedia":[{"embeddable":true,"href":"https:\/\/www.europesays.com\/ee\/wp-json\/wp\/v2\/media\/31751"}],"wp:attachment":[{"href":"https:\/\/www.europesays.com\/ee\/wp-json\/wp\/v2\/media?parent=31750"}],"wp:term":[{"taxonomy":"category","embeddable":true,"href":"https:\/\/www.europesays.com\/ee\/wp-json\/wp\/v2\/categories?post=31750"},{"taxonomy":"post_tag","embeddable":true,"href":"https:\/\/www.europesays.com\/ee\/wp-json\/wp\/v2\/tags?post=31750"}],"curies":[{"name":"wp","href":"https:\/\/api.w.org\/{rel}","templated":true}]}}