{"id":33060,"date":"2025-11-02T08:53:08","date_gmt":"2025-11-02T08:53:08","guid":{"rendered":"https:\/\/www.europesays.com\/ee\/33060\/"},"modified":"2025-11-02T08:53:08","modified_gmt":"2025-11-02T08:53:08","slug":"teadlased-kinnitavad-%e2%9f%a9-just-see-on-parim-aeg-hommikusoogiks","status":"publish","type":"post","link":"https:\/\/www.europesays.com\/ee\/33060\/","title":{"rendered":"TEADLASED KINNITAVAD \u27e9 Just see on parim aeg hommikus\u00f6\u00f6giks"},"content":{"rendered":"<p>Teadlased j\u00e4lgisid mitu aastat 34 000 \u00fcle 40-aastast inimest, anal\u00fc\u00fcsides nende toitumisharjumusi, s\u00f6\u00f6gikordade sagedust ja tervise n\u00e4itajaid, kirjutab Vakary Ekspresas.<\/p>\n<p>Tulemused olid muljetavaldavad: neil, kes s\u00f5id hommikus\u00f6\u00f6ki kella kuue ja seitsme vahel, oli 12 protsenti v\u00e4iksem suremus- ja v\u00e4hirisk kui neil, kes l\u00fckkasid oma esimese s\u00f6\u00f6gikorra hilisemaks.<\/p>\n","protected":false},"excerpt":{"rendered":"Teadlased j\u00e4lgisid mitu aastat 34 000 \u00fcle 40-aastast inimest, anal\u00fc\u00fcsides nende toitumisharjumusi, s\u00f6\u00f6gikordade sagedust ja tervise n\u00e4itajaid, kirjutab&hellip;\n","protected":false},"author":2,"featured_media":33061,"comment_status":"","ping_status":"","sticky":false,"template":"","format":"standard","meta":{"footnotes":"","_share_on_mastodon":"0"},"categories":[80],"tags":[26,27,37,33,35,34,36,31,32,21,12735,17163,28,29,95,19,25,4923,23,24,22,20,30,92,93,94],"class_list":["post-33060","post","type-post","status-publish","format-standard","has-post-thumbnail","category-maailm","tag-breaking-news","tag-breakingnews","tag-ee","tag-eesti","tag-eesti-keel","tag-estonia","tag-estonian","tag-featured-news","tag-featurednews","tag-headlines","tag-hommikusook","tag-kellaaeg","tag-latest-news","tag-latestnews","tag-maailm","tag-news","tag-populaarseimad-lood","tag-teadlased","tag-top-stories","tag-topstories","tag-uldised-uudised","tag-uudised","tag-viimased-uudised","tag-world","tag-world-news","tag-worldnews"],"share_on_mastodon":{"url":"https:\/\/pubeurope.com\/@ee\/115479262160974657","error":""},"_links":{"self":[{"href":"https:\/\/www.europesays.com\/ee\/wp-json\/wp\/v2\/posts\/33060","targetHints":{"allow":["GET"]}}],"collection":[{"href":"https:\/\/www.europesays.com\/ee\/wp-json\/wp\/v2\/posts"}],"about":[{"href":"https:\/\/www.europesays.com\/ee\/wp-json\/wp\/v2\/types\/post"}],"author":[{"embeddable":true,"href":"https:\/\/www.europesays.com\/ee\/wp-json\/wp\/v2\/users\/2"}],"replies":[{"embeddable":true,"href":"https:\/\/www.europesays.com\/ee\/wp-json\/wp\/v2\/comments?post=33060"}],"version-history":[{"count":0,"href":"https:\/\/www.europesays.com\/ee\/wp-json\/wp\/v2\/posts\/33060\/revisions"}],"wp:featuredmedia":[{"embeddable":true,"href":"https:\/\/www.europesays.com\/ee\/wp-json\/wp\/v2\/media\/33061"}],"wp:attachment":[{"href":"https:\/\/www.europesays.com\/ee\/wp-json\/wp\/v2\/media?parent=33060"}],"wp:term":[{"taxonomy":"category","embeddable":true,"href":"https:\/\/www.europesays.com\/ee\/wp-json\/wp\/v2\/categories?post=33060"},{"taxonomy":"post_tag","embeddable":true,"href":"https:\/\/www.europesays.com\/ee\/wp-json\/wp\/v2\/tags?post=33060"}],"curies":[{"name":"wp","href":"https:\/\/api.w.org\/{rel}","templated":true}]}}