{"id":33922,"date":"2025-11-03T12:12:07","date_gmt":"2025-11-03T12:12:07","guid":{"rendered":"https:\/\/www.europesays.com\/ee\/33922\/"},"modified":"2025-11-03T12:12:07","modified_gmt":"2025-11-03T12:12:07","slug":"armuguru-embuses-%e2%9f%a9-jennifer-aniston-paiskas-oma-uue-suhte-avalikkuse-ette","status":"publish","type":"post","link":"https:\/\/www.europesays.com\/ee\/33922\/","title":{"rendered":"ARMUGURU EMBUSES \u27e9 Jennifer Aniston paiskas oma uue suhte avalikkuse ette"},"content":{"rendered":"<p>Telesarjast \u00abS\u00f5brad\u00bb tuntud n\u00e4itlejanna Jennifer Aniston on sel aastal mitmel korral oma eraeluga k\u00f5mumeedia veergudele j\u00f5udnud. Seda eelk\u00f5ige uue v\u00f5imaliku suhte t\u00f5ttu, millest j\u00f5udsid esimesed m\u00e4rgid avalikkuse ette juulis, vahendab <a target=\"_blank\" rel=\"noopener noreferrer nofollow\" href=\"https:\/\/pagesix.com\/2025\/11\/02\/celebrity-news\/jennifer-aniston-goes-instagram-official-with-boyfriend-jim-curtis\/\">Page Six<\/a>.<\/p>\n<p>Nimelt j\u00e4i 56-aastane Aniston sel suvel Hispaanias paparatsokaamerate ette koos 50-aastase Jim Curtisega. Aniston ja Curtis n\u00e4isid nautivat puhkust koos n\u00e4itlejanna s\u00f5bra, n\u00e4itleja Jason Batemaniga.<\/p>\n","protected":false},"excerpt":{"rendered":"Telesarjast \u00abS\u00f5brad\u00bb tuntud n\u00e4itlejanna Jennifer Aniston on sel aastal mitmel korral oma eraeluga k\u00f5mumeedia veergudele j\u00f5udnud. Seda eelk\u00f5ige&hellip;\n","protected":false},"author":2,"featured_media":33923,"comment_status":"","ping_status":"","sticky":false,"template":"","format":"standard","meta":{"footnotes":"","_share_on_mastodon":"0"},"categories":[91],"tags":[17536,240,37,33,35,173,34,36,17526,17535,241,140,17537],"class_list":["post-33922","post","type-post","status-publish","format-standard","has-post-thumbnail","category-kuulsused","tag-armuguru","tag-celebrities","tag-ee","tag-eesti","tag-eesti-keel","tag-entertainment","tag-estonia","tag-estonian","tag-jennifer-aniston","tag-jim-curtis","tag-kuulsused","tag-meelelahutus","tag-sobrad"],"share_on_mastodon":{"url":"https:\/\/pubeurope.com\/@ee\/115485706993788011","error":""},"_links":{"self":[{"href":"https:\/\/www.europesays.com\/ee\/wp-json\/wp\/v2\/posts\/33922","targetHints":{"allow":["GET"]}}],"collection":[{"href":"https:\/\/www.europesays.com\/ee\/wp-json\/wp\/v2\/posts"}],"about":[{"href":"https:\/\/www.europesays.com\/ee\/wp-json\/wp\/v2\/types\/post"}],"author":[{"embeddable":true,"href":"https:\/\/www.europesays.com\/ee\/wp-json\/wp\/v2\/users\/2"}],"replies":[{"embeddable":true,"href":"https:\/\/www.europesays.com\/ee\/wp-json\/wp\/v2\/comments?post=33922"}],"version-history":[{"count":0,"href":"https:\/\/www.europesays.com\/ee\/wp-json\/wp\/v2\/posts\/33922\/revisions"}],"wp:featuredmedia":[{"embeddable":true,"href":"https:\/\/www.europesays.com\/ee\/wp-json\/wp\/v2\/media\/33923"}],"wp:attachment":[{"href":"https:\/\/www.europesays.com\/ee\/wp-json\/wp\/v2\/media?parent=33922"}],"wp:term":[{"taxonomy":"category","embeddable":true,"href":"https:\/\/www.europesays.com\/ee\/wp-json\/wp\/v2\/categories?post=33922"},{"taxonomy":"post_tag","embeddable":true,"href":"https:\/\/www.europesays.com\/ee\/wp-json\/wp\/v2\/tags?post=33922"}],"curies":[{"name":"wp","href":"https:\/\/api.w.org\/{rel}","templated":true}]}}