{"id":34300,"date":"2025-11-03T19:32:32","date_gmt":"2025-11-03T19:32:32","guid":{"rendered":"https:\/\/www.europesays.com\/ee\/34300\/"},"modified":"2025-11-03T19:32:32","modified_gmt":"2025-11-03T19:32:32","slug":"video-venelased-korraldasid-pokrovskis-ukraina-erivaelastele-toelise-ajujahi","status":"publish","type":"post","link":"https:\/\/www.europesays.com\/ee\/34300\/","title":{"rendered":"VIDEO | Venelased korraldasid Pokrovskis Ukraina eriv\u00e4elastele t\u00f5elise ajujahi"},"content":{"rendered":"<p>M\u00f5ni tund enne v\u00f5i vahetult p\u00e4rast seda, kui Vene v\u00e4ed <a rel=\"noopener follow nofollow\" target=\"_blank\" href=\"https:\/\/x.com\/99Dominik_\/status\/1983470706294993166\" data-rel-date-range=\"[]\">heiskasid oma lipu<\/a> Pokrovski l\u00e4\u00e4neosas asuva bensiinijaama juures t\u00f6\u00f6stuspiirkonnas, kus ristuvad Zahisnikiv Ukrain\u00f5 t\u00e4nav ja maanteetrass O0525, maandusid Ukraina s\u00f5jav\u00e4eluure GUR eri\u00fcksuslased helikopteritel samasse piirkonda ning alustasid julget ja v\u00e4ga riskantset r\u00fcnnakut. Vene lipp, mis viitas v\u00f5imalikule kontrollile \u00fchel kahest linna peamisest varustusteest, kujutas endast s\u00fcmboolset ja praktilist ohtu piirkonnas viibivatele Ukraina \u00fcksustele. Ukraina droon h\u00e4vitas lipu kiiresti, kuid selle ilmumine n\u00e4itas, et venelased on suutnud j\u00f5uda Pokrovskile ohtlikult l\u00e4hedale. Just selsamal p\u00e4eval, t\u00f5en\u00e4oliselt vastusena sellele, saatis GUR v\u00e4lja oma eri\u00fcksuslased.<\/p>\n<p>Ukraina v\u00f5imud ei ole operatsiooni kohta selgitusi andnud. Rakendatud \u00fcksuse v\u00e4iksuse t\u00f5ttu oli juba eos selge, et nad ei saa p\u00fcsivalt rindejoont hoida. Seet\u00f5ttu on oletatud, et see oli kas vastur\u00fcnnak, mis pidi ajutiselt venelasi tagasi t\u00f5rjuma, katse turvata k\u00f5rval asuvat linnaosa v\u00f5i hoopis diversioon eesm\u00e4rgiga toetada teiste \u00fcksuste tegevust M\u00f5rnohradi suunal. M\u00f5ned vaatlejad on spekuleerinud, et Ukraina v\u00f5is operatsiooniga p\u00fc\u00fcda varjata v\u00f5i kindlustada oma v\u00e4gede \u00fcmbergrupeerimist piirkonnas.<\/p>\n<p>Oled juba tellija?  Logi sisse <\/p>\n","protected":false},"excerpt":{"rendered":"M\u00f5ni tund enne v\u00f5i vahetult p\u00e4rast seda, kui Vene v\u00e4ed heiskasid oma lipu Pokrovski l\u00e4\u00e4neosas asuva bensiinijaama juures&hellip;\n","protected":false},"author":2,"featured_media":34301,"comment_status":"","ping_status":"","sticky":false,"template":"","format":"standard","meta":{"footnotes":""},"categories":[5],"tags":[26,27,37,33,35,34,36,31,32,21,28,29,19,25,107,23,24,22,20,30],"class_list":{"0":"post-34300","1":"post","2":"type-post","3":"status-publish","4":"format-standard","5":"has-post-thumbnail","7":"category-uldised-uudised","8":"tag-breaking-news","9":"tag-breakingnews","10":"tag-ee","11":"tag-eesti","12":"tag-eesti-keel","13":"tag-estonia","14":"tag-estonian","15":"tag-featured-news","16":"tag-featurednews","17":"tag-headlines","18":"tag-latest-news","19":"tag-latestnews","20":"tag-news","21":"tag-populaarseimad-lood","22":"tag-soda-ukrainas","23":"tag-top-stories","24":"tag-topstories","25":"tag-uldised-uudised","26":"tag-uudised","27":"tag-viimased-uudised"},"share_on_mastodon":{"url":"https:\/\/pubeurope.com\/@ee\/115487437147631603","error":""},"_links":{"self":[{"href":"https:\/\/www.europesays.com\/ee\/wp-json\/wp\/v2\/posts\/34300","targetHints":{"allow":["GET"]}}],"collection":[{"href":"https:\/\/www.europesays.com\/ee\/wp-json\/wp\/v2\/posts"}],"about":[{"href":"https:\/\/www.europesays.com\/ee\/wp-json\/wp\/v2\/types\/post"}],"author":[{"embeddable":true,"href":"https:\/\/www.europesays.com\/ee\/wp-json\/wp\/v2\/users\/2"}],"replies":[{"embeddable":true,"href":"https:\/\/www.europesays.com\/ee\/wp-json\/wp\/v2\/comments?post=34300"}],"version-history":[{"count":0,"href":"https:\/\/www.europesays.com\/ee\/wp-json\/wp\/v2\/posts\/34300\/revisions"}],"wp:featuredmedia":[{"embeddable":true,"href":"https:\/\/www.europesays.com\/ee\/wp-json\/wp\/v2\/media\/34301"}],"wp:attachment":[{"href":"https:\/\/www.europesays.com\/ee\/wp-json\/wp\/v2\/media?parent=34300"}],"wp:term":[{"taxonomy":"category","embeddable":true,"href":"https:\/\/www.europesays.com\/ee\/wp-json\/wp\/v2\/categories?post=34300"},{"taxonomy":"post_tag","embeddable":true,"href":"https:\/\/www.europesays.com\/ee\/wp-json\/wp\/v2\/tags?post=34300"}],"curies":[{"name":"wp","href":"https:\/\/api.w.org\/{rel}","templated":true}]}}