{"id":34665,"date":"2025-11-04T09:08:08","date_gmt":"2025-11-04T09:08:08","guid":{"rendered":"https:\/\/www.europesays.com\/ee\/34665\/"},"modified":"2025-11-04T09:08:08","modified_gmt":"2025-11-04T09:08:08","slug":"video-silmapaistva-debuudi-teinud-stefan-vaaks-ma-ei-maganud-nagu-beebi-liblikad-olid-kohus-postimees-sport","status":"publish","type":"post","link":"https:\/\/www.europesays.com\/ee\/34665\/","title":{"rendered":"VIDEO Silmapaistva deb\u00fc\u00fcdi teinud Stefan Vaaks: ma ei maganud nagu beebi, liblikad olid k\u00f5hus &#8211; Postimees Sport"},"content":{"rendered":"<ol>\n<li><a href=\"https:\/\/news.google.com\/rss\/articles\/CBMixAFBVV95cUxOTHh1Z194UU1va2JwZ20zN3RiZVRXS2hLUHVWczJJLTZJbTlfZUtjbEtPNEE1eG14Qm5nVFZaa0tHWHVFcGRjc1M1ZnM2MHZJWm45eWhrTGJDdkl2TG5tVTA1SzJJSkRHUVdjLXpvbFEzazdRU21KZmlVcmhPOFh4SXpKXzBoZkdiQWtUaWNub283Z1lqRnJ0Y1hobFlUTkdHSWE4YlEwZGhuMGpDZ1NKdlE5RkNubzdzMVdaRW16YWkzY1lt?oc=5\" target=\"_blank\" rel=\"nofollow noopener\">VIDEO Silmapaistva deb\u00fc\u00fcdi teinud Stefan Vaaks: ma ei maganud nagu beebi, liblikad olid k\u00f5hus<\/a>&nbsp;&nbsp;Postimees Sport<\/li>\n<li><a href=\"https:\/\/news.google.com\/rss\/articles\/CBMikgFBVV95cUxQaVRGQkxfVG5OU203akZNbnpLZlNfRjNna1Y0Y2ZaUzl1RlBqOEU4ZXJZeW45UzZLNHhaWnFXajBIS2dja0RKMm9wWUNmNTJfcW9KTXd2b1ZLOG9fM2V5WUJ4anlKN0hVNU42aTAxUm1sR0xERDVKbVBfbnA0dEJPVGMyMHo1clZrZDJJZTQwQlZBUQ?oc=5\" target=\"_blank\" rel=\"nofollow noopener\">Vaaks s\u00e4ras NCAA deb\u00fc\u00fcdil, v\u00f5it ka Veesaarele ja Kriisale<\/a>&nbsp;&nbsp;sport | ERR<\/li>\n<li><a href=\"https:\/\/news.google.com\/rss\/articles\/CBMi1AFBVV95cUxPUTBNSnIwYkJ3WkRUOTR0VEp3R0lpb1hjS1N2MzFnM3dZRWNhdXFqeHJSR1BHY2duc2pNNXlXVGJ0M0laaHdMTHh4b2hJQmxSdEZVNUZhV1d3ZlVjbnZBQ2FITVNFd1JZX0ZMUWFPcDgyY0RTVEFMenctcjhmS1dxckxiU3B3Mm5zXzVYMk1XOGNDYk13SFA0d1FNT21KX2p5dVpYakxvZkN5Y3dvbUVGVlZVWlVfUHFDTTZuRTJILUs3T1hJRFlmSkl2dnZpdl93ZU93Uw?oc=5\" target=\"_blank\" rel=\"nofollow noopener\">Omade resultatiivseimaks t\u00f5usnud Stefan Vaaks nautis taas m\u00e4ngimist: mul olid nagu liblikad k\u00f5hus<\/a>&nbsp;&nbsp;Delfi Sport<\/li>\n<li><a href=\"https:\/\/news.google.com\/rss\/articles\/CBMirgFBVV95cUxPRzZNUnpLUmlNbVljR0N1LWZ1QWwyRTZPUzVzRm5jOEdEYTRpU0d5OTJuUkZlcjE0NkdMRW5yUGU3N0hBejk2MnI1S1UzTDZQR1BFTjRrM01NTk9ndXFjOVA5NXVXVGlDU0NhTlBBenhIeDIzVHNZTHlzY0pLbzlhTEpQdVZ4ZEZVT2xHME9iVEl5NEtGTTgzZHUyWWo5TnNRNmNRcXU4VWxmbTBCS1E?oc=5\" target=\"_blank\" rel=\"nofollow noopener\">VIDEOD \u27e9 Vaaks tegi USAs v\u00f5imsa deb\u00fc\u00fcdi, Veesaar alustas samuti suurep\u00e4raselt<\/a>&nbsp;&nbsp;Postimees Sport<\/li>\n<li><a href=\"https:\/\/news.google.com\/rss\/articles\/CBMisgFBVV95cUxOOXAwSzN6ZEhYVHFLUFE3RndXd0c5MnBfOXAxSDExQ25PRkstOTlBeWY5SFBqd0tkNFM4SkpraWhXaWxxMFUwXzBzSmpBYUh3TjQ2S3RrTnh0WTZQVTJ1Y05VbUdoOHljZThReGVUbWdHdGVzcVQzLUJSR0M1eS0xcnAwUHJoeE41T3NDLW9vSnVuQjJ4S0RubHJ6dVpiT0R6OFBEZFlNWk12S01IeXdpc0pB?oc=5\" target=\"_blank\" rel=\"nofollow noopener\">Viimsi t\u00e4idab Eesti korvpallis hindamatut rolli. Aga kas ainult sellest piisab?<\/a>&nbsp;&nbsp;Postimees Sport<\/li>\n<\/ol>\n","protected":false},"excerpt":{"rendered":"VIDEO Silmapaistva deb\u00fc\u00fcdi teinud Stefan Vaaks: ma ei maganud nagu beebi, liblikad olid k\u00f5hus&nbsp;&nbsp;Postimees Sport Vaaks s\u00e4ras NCAA&hellip;\n","protected":false},"author":2,"featured_media":34666,"comment_status":"","ping_status":"","sticky":false,"template":"","format":"standard","meta":{"footnotes":"","_share_on_mastodon":"0"},"categories":[5],"tags":[26,27,37,33,35,3119,34,36,31,32,21,17841,1513,8867,28,29,12930,19,25,13207,13206,23,24,22,20,30],"class_list":["post-34665","post","type-post","status-publish","format-standard","has-post-thumbnail","category-uldised-uudised","tag-breaking-news","tag-breakingnews","tag-ee","tag-eesti","tag-eesti-keel","tag-eesti-korvpallikoondis","tag-estonia","tag-estonian","tag-featured-news","tag-featurednews","tag-headlines","tag-kim-english","tag-korvpall","tag-korvpallikoondis","tag-latest-news","tag-latestnews","tag-ncaa","tag-news","tag-populaarseimad-lood","tag-providence","tag-stefan-vaaks","tag-top-stories","tag-topstories","tag-uldised-uudised","tag-uudised","tag-viimased-uudised"],"share_on_mastodon":{"url":"https:\/\/pubeurope.com\/@ee\/115490645786911347","error":""},"_links":{"self":[{"href":"https:\/\/www.europesays.com\/ee\/wp-json\/wp\/v2\/posts\/34665","targetHints":{"allow":["GET"]}}],"collection":[{"href":"https:\/\/www.europesays.com\/ee\/wp-json\/wp\/v2\/posts"}],"about":[{"href":"https:\/\/www.europesays.com\/ee\/wp-json\/wp\/v2\/types\/post"}],"author":[{"embeddable":true,"href":"https:\/\/www.europesays.com\/ee\/wp-json\/wp\/v2\/users\/2"}],"replies":[{"embeddable":true,"href":"https:\/\/www.europesays.com\/ee\/wp-json\/wp\/v2\/comments?post=34665"}],"version-history":[{"count":0,"href":"https:\/\/www.europesays.com\/ee\/wp-json\/wp\/v2\/posts\/34665\/revisions"}],"wp:featuredmedia":[{"embeddable":true,"href":"https:\/\/www.europesays.com\/ee\/wp-json\/wp\/v2\/media\/34666"}],"wp:attachment":[{"href":"https:\/\/www.europesays.com\/ee\/wp-json\/wp\/v2\/media?parent=34665"}],"wp:term":[{"taxonomy":"category","embeddable":true,"href":"https:\/\/www.europesays.com\/ee\/wp-json\/wp\/v2\/categories?post=34665"},{"taxonomy":"post_tag","embeddable":true,"href":"https:\/\/www.europesays.com\/ee\/wp-json\/wp\/v2\/tags?post=34665"}],"curies":[{"name":"wp","href":"https:\/\/api.w.org\/{rel}","templated":true}]}}